{"id":123982,"date":"2025-10-24T02:14:34","date_gmt":"2025-10-24T02:14:34","guid":{"rendered":"https:\/\/www.europesays.com\/pt\/123982\/"},"modified":"2025-10-24T02:14:34","modified_gmt":"2025-10-24T02:14:34","slug":"revelados-detalhes-intimos-sobre-envolvimento-sexual-de-liliana-e-fabio-nao-foi-encaixe-total","status":"publish","type":"post","link":"https:\/\/www.europesays.com\/pt\/123982\/","title":{"rendered":"Revelados &#8220;detalhes&#8221; \u00edntimos sobre envolvimento sexual de Liliana e F\u00e1bio: &#8220;N\u00e3o foi encaixe total&#8230;&#8221;"},"content":{"rendered":"<p>\t\t\t\t\t\t\t\t\t\t\t\t\t\tJoana foi expulsa do \u201cSecret Story 9\u201d na gala do passado domingo.<\/p>\n<p>Esta quarta-feira, 22 de outubro, a ex-concorrente esteve no \u201cDi\u00e1rio\u201d, para comentar os \u00faltimos acontecimentos da casa mais vigiada do pa\u00eds.<\/p>\n<p>Sem se aperceber que o microfone j\u00e1 estava ligado, In\u00eas questionou Joana sobre o envolvimento sexual entre Liliana e F\u00e1bio e a ex-concorrente come\u00e7ou por confessar: <strong>\u201cN\u00e3o houve diretamente, mas houve uns amassos. Os barulhos noturnos d\u00e3o que falar\u201d<\/strong>.<\/p>\n<p>Depois de se aperceberam que estavam em direto, Joana foi incentivada a revelar mais detalhes e contou: <strong>\u201cInfelizmente eu ouvi coisas. Quando ouvimos a Voz a dizer o sinal de consentimento, eu acho que aquilo deve ter baixado\u201d<\/strong>.<\/p>\n<p><strong>\u201cPortanto, esperaram que voltasse tudo novamente a dormir, mas eu demoro bastante a dormir e l\u00e1 come\u00e7\u00e1mos a ouvir uns barulhinhos. Eu acho que n\u00e3o foi ao encaixe total, mas houve ali umas car\u00edcias de ambas as partes s\u00f3 para se satisfazerem\u201d<\/strong> \u2013 revelou.<\/p>\n<p><a href=\"https:\/\/tvi.iol.pt\/secretstory\/videos\/joana-nao-se-apercebe-que-estava-no-ar-e-faz-confissao-sobre-fabio-e-liliana-houve-barulhos-noturnos\/68f9133b0cf285ab53a6b2ed\" rel=\"nofollow noopener\" target=\"_blank\">Veja o v\u00eddeo aqui.<\/a><\/p>\n","protected":false},"excerpt":{"rendered":"Joana foi expulsa do \u201cSecret Story 9\u201d na gala do passado domingo. Esta quarta-feira, 22 de outubro, a&hellip;\n","protected":false},"author":2,"featured_media":123983,"comment_status":"","ping_status":"","sticky":false,"template":"","format":"standard","meta":{"footnotes":""},"categories":[142],"tags":[2632,1661,28607,114,115,24621,19091,19016,32,33,16686,27388,151,162],"class_list":{"0":"post-123982","1":"post","2":"type-post","3":"status-publish","4":"format-standard","5":"has-post-thumbnail","7":"category-tv","8":"tag-casa-dos-segredos","9":"tag-destaque","10":"tag-detalhes","11":"tag-entertainment","12":"tag-entretenimento","13":"tag-fu00e1bio","14":"tag-joana","15":"tag-liliana","16":"tag-portugal","17":"tag-pt","18":"tag-secret-story-9","19":"tag-sinal-de-consentimento","20":"tag-tv","21":"tag-tvi"},"share_on_mastodon":{"url":"https:\/\/pubeurope.com\/@pt\/115426732917486824","error":""},"_links":{"self":[{"href":"https:\/\/www.europesays.com\/pt\/wp-json\/wp\/v2\/posts\/123982","targetHints":{"allow":["GET"]}}],"collection":[{"href":"https:\/\/www.europesays.com\/pt\/wp-json\/wp\/v2\/posts"}],"about":[{"href":"https:\/\/www.europesays.com\/pt\/wp-json\/wp\/v2\/types\/post"}],"author":[{"embeddable":true,"href":"https:\/\/www.europesays.com\/pt\/wp-json\/wp\/v2\/users\/2"}],"replies":[{"embeddable":true,"href":"https:\/\/www.europesays.com\/pt\/wp-json\/wp\/v2\/comments?post=123982"}],"version-history":[{"count":0,"href":"https:\/\/www.europesays.com\/pt\/wp-json\/wp\/v2\/posts\/123982\/revisions"}],"wp:featuredmedia":[{"embeddable":true,"href":"https:\/\/www.europesays.com\/pt\/wp-json\/wp\/v2\/media\/123983"}],"wp:attachment":[{"href":"https:\/\/www.europesays.com\/pt\/wp-json\/wp\/v2\/media?parent=123982"}],"wp:term":[{"taxonomy":"category","embeddable":true,"href":"https:\/\/www.europesays.com\/pt\/wp-json\/wp\/v2\/categories?post=123982"},{"taxonomy":"post_tag","embeddable":true,"href":"https:\/\/www.europesays.com\/pt\/wp-json\/wp\/v2\/tags?post=123982"}],"curies":[{"name":"wp","href":"https:\/\/api.w.org\/{rel}","templated":true}]}}