{"id":124003,"date":"2025-10-24T02:43:06","date_gmt":"2025-10-24T02:43:06","guid":{"rendered":"https:\/\/www.europesays.com\/pt\/124003\/"},"modified":"2025-10-24T02:43:06","modified_gmt":"2025-10-24T02:43:06","slug":"confira-o-resultado-do-concurso-2931-da-mega-sena-sorteado-nesta-quinta-feira","status":"publish","type":"post","link":"https:\/\/www.europesays.com\/pt\/124003\/","title":{"rendered":"Confira o resultado do concurso 2931 da Mega-Sena sorteado nesta quinta-feira"},"content":{"rendered":"<p>O sorteio do concurso 2.931 da Mega-Sena foi realizado na noite desta quinta-feira (23), em S\u00e3o Paulo. O pr\u00eamio para as apostas que acertarem as seis dezenas \u00e9 de R$ 83.850.164,46.<\/p>\n<p>Confira os n\u00fameros sorteados: 04 \u2013 19 \u2013 23 \u2013 36 \u2013 47 \u2013 52<\/p>\n<p>A Caixa Econ\u00f4mica Federal ainda n\u00e3o divulgou o rateio do sorteio.<\/p>\n<p><strong>FIQUE BEM INFORMADO:<\/strong><br \/>\ud83d\udcf2 Fique por dentro do que acontece em Santa Catarina!<br \/>Entre agora no nosso canal no WhatsApp e receba as principais not\u00edcias direto no seu celular.<br \/>\ud83d\udc49 <a href=\"https:\/\/www.whatsapp.com\/channel\/0029Vb69tlYHVvTYG1jjUH1k\" rel=\"nofollow noopener\" target=\"_blank\"><strong>Clique aqui e acompanhe<\/strong><\/a>.<\/p>\n","protected":false},"excerpt":{"rendered":"O sorteio do concurso 2.931 da Mega-Sena foi realizado na noite desta quinta-feira (23), em S\u00e3o Paulo. O&hellip;\n","protected":false},"author":2,"featured_media":124004,"comment_status":"","ping_status":"","sticky":false,"template":"","format":"standard","meta":{"footnotes":""},"categories":[141],"tags":[28609,1505,114,115,28610,149,150,32,33,28611,6081,28612],"class_list":{"0":"post-124003","1":"post","2":"type-post","3":"status-publish","4":"format-standard","5":"has-post-thumbnail","7":"category-musica","8":"tag-concurso-2931","9":"tag-confira","10":"tag-entertainment","11":"tag-entretenimento","12":"tag-mega-sena","13":"tag-music","14":"tag-musica","15":"tag-portugal","16":"tag-pt","17":"tag-quinta-feira","18":"tag-resultado","19":"tag-sorteado"},"share_on_mastodon":{"url":"https:\/\/pubeurope.com\/@pt\/115426846473523931","error":""},"_links":{"self":[{"href":"https:\/\/www.europesays.com\/pt\/wp-json\/wp\/v2\/posts\/124003","targetHints":{"allow":["GET"]}}],"collection":[{"href":"https:\/\/www.europesays.com\/pt\/wp-json\/wp\/v2\/posts"}],"about":[{"href":"https:\/\/www.europesays.com\/pt\/wp-json\/wp\/v2\/types\/post"}],"author":[{"embeddable":true,"href":"https:\/\/www.europesays.com\/pt\/wp-json\/wp\/v2\/users\/2"}],"replies":[{"embeddable":true,"href":"https:\/\/www.europesays.com\/pt\/wp-json\/wp\/v2\/comments?post=124003"}],"version-history":[{"count":0,"href":"https:\/\/www.europesays.com\/pt\/wp-json\/wp\/v2\/posts\/124003\/revisions"}],"wp:featuredmedia":[{"embeddable":true,"href":"https:\/\/www.europesays.com\/pt\/wp-json\/wp\/v2\/media\/124004"}],"wp:attachment":[{"href":"https:\/\/www.europesays.com\/pt\/wp-json\/wp\/v2\/media?parent=124003"}],"wp:term":[{"taxonomy":"category","embeddable":true,"href":"https:\/\/www.europesays.com\/pt\/wp-json\/wp\/v2\/categories?post=124003"},{"taxonomy":"post_tag","embeddable":true,"href":"https:\/\/www.europesays.com\/pt\/wp-json\/wp\/v2\/tags?post=124003"}],"curies":[{"name":"wp","href":"https:\/\/api.w.org\/{rel}","templated":true}]}}