{"id":124024,"date":"2025-10-24T03:13:28","date_gmt":"2025-10-24T03:13:28","guid":{"rendered":"https:\/\/www.europesays.com\/pt\/124024\/"},"modified":"2025-10-24T03:13:28","modified_gmt":"2025-10-24T03:13:28","slug":"neemias-queta-em-grande-plano-no-regresso-da-nba-com-17-pontos-em-25-minutos-basquetebol","status":"publish","type":"post","link":"https:\/\/www.europesays.com\/pt\/124024\/","title":{"rendered":"Neemias Queta em grande plano no regresso da NBA, com 17 pontos em 25 minutos | Basquetebol"},"content":{"rendered":"<p>O portugu\u00eas Neemias Queta esteve na quarta-feira em grande plano na estreia na edi\u00e7\u00e3o 2025\/2026 da Liga norte-americana de basquetebol (NBA), como titular, pelos Boston Celtics, que perderam em casa por 116-117 com os Philadelphia 76ers.<\/p>\n<p>Como anunciado, <a href=\"https:\/\/www.publico.pt\/-neemias-queta\" rel=\"nofollow noopener\" target=\"_blank\">o poste<\/a> internacional luso come\u00e7ou de in\u00edcio e justificou a op\u00e7\u00e3o de Joe Mazzulla, ao concluir o encontro com 17 pontos, a dois do seu m\u00e1ximo de carreira, com sete em oito nos &#8220;tiros&#8221; de campo e tr\u00eas em quatro nos lances livres, aos quais juntou oito ressaltos, em 25 minutos e 6 segundos.<\/p>\n<p><a href=\"https:\/\/www.publico.pt\/2025\/08\/27\/desporto\/noticia\/momentos-vividos-unicos-2145057\" rel=\"nofollow noopener\" target=\"_blank\">Neemias <\/a>brilhou sobretudo no quarto e \u00faltimo per\u00edodo, ao marcar oito pontos, incluindo tr\u00eas lan\u00e7amentos consecutivos, num parcial de 10-6 dos anfitri\u00f5es, que passaram o marcador de 99-94 para 109-100, com 3.47 minutos para jogar.<\/p>\n<p><a href=\"https:\/\/www.publico.pt\/2023\/09\/18\/desporto\/noticia\/boston-neemias-tera-esvaziar-piscina-2063777\" rel=\"nofollow noopener\" target=\"_blank\">Os anfitri\u00f5es<\/a> pareciam ter o jogo na &#8220;m\u00e3o&#8221;, mas o poste portugu\u00eas cometeu, ent\u00e3o, duas faltas num curto espa\u00e7o de tempo e foi exclu\u00eddo, com a sexta, numa altura em que faltavam 1.42 minutos para jogar e <a href=\"https:\/\/www.publico.pt\/2024\/06\/18\/desporto\/noticia\/boston-celtics-neemias-queta-sao-campeoes-nba-2094343\" rel=\"nofollow noopener\" target=\"_blank\">os Celtics<\/a> j\u00e1 s\u00f3 lideravam por 111-107.<\/p>\n<p>A forma\u00e7\u00e3o forasteira acabou por dar a volta ao jogo na parte final, com os locais ainda a terem um lan\u00e7amento para vencer o encontro, que Payton Pritchard falhou em &#8220;cima&#8221; da &#8220;buzina&#8221;.<\/p>\n<p>Neemias, o sexto com mais minutos da equipa, foi o terceiro melhor marcador dos <a href=\"https:\/\/www.publico.pt\/2025\/10\/21\/desporto\/noticia\/nba-volta-cinco-historias-seguir-nova-temporada-2151632\" rel=\"nofollow noopener\" target=\"_blank\">Celtics<\/a>, apenas atr\u00e1s de Jaylen Brown e Derrick White, que somaram ambos 24 pontos, e o melhor ressaltador do encontro, a par de Dominick Barlow, dos Sixers.<\/p>\n<p>As grandes figuras do encontro foram, por\u00e9m, dos Sixers, com Tyrese Maxey a somar 40 pontos e VJ Edgecombe a marcar 34, o terceiro melhor registo de um rookie na estreia e o melhor desde o &#8220;long\u00ednquo&#8221; ano de 1959.<\/p>\n<p><a href=\"https:\/\/www.publico.pt\/2023\/12\/16\/desporto\/noticia\/neemias-jogou-triunfo-celtics-magic-nba-2073941\" rel=\"nofollow noopener\" target=\"_blank\">Neemias <\/a>come\u00e7ou de in\u00edcio, mas foi o primeiro a ser substitu\u00eddo por Mazzulla, ap\u00f3s escassos 2.58 minutos, isto apesar de ter concretizado muito cedo dois lan\u00e7amentos.<\/p>\n<p>O jogador luso voltou a entrar a 43,6 segundo do final do primeiro per\u00edodo e iniciou o segundo, no qual jogou os primeiros 3.04 minutos, sem se destacar.<\/p>\n<p>O &#8220;88&#8221; dos Celtics s\u00f3 voltou a 1,46 minutos do intervalo &#8212; chegou a meio com 8m11s, sendo apenas o novo mais utilizado dos locais -, e aproveitou-os bem, com um &#8220;afundan\u00e7o&#8221; e quase um segundo. Uma falta impediu-o, mas marcou os dois lances livres.<\/p>\n<p>Para a segunda parte, voltou no &#8220;cinco&#8221; e coleccionou de in\u00edcio alguns ressaltos, at\u00e9 sair ap\u00f3s 4.23 minutos e voltar a 4.36 do fecho do terceiro parcial, aproveitando para marcar mais um lance livre, em dois, mas cometendo tamb\u00e9m a quarta falta.<\/p>\n<p>O quarto per\u00edodo foi o \u00fanico que n\u00e3o come\u00e7ou, mas entrou a 9.17 minutos do fim e para &#8220;brilhar&#8221;, at\u00e9 \u00e0 sexta falta, cometida, j\u00e1 desgastado, a perseguir Maxey. Ainda foi exclu\u00eddo com os Celtics a ganhar, mas a estreia acabou com o sabor amargo da derrota.<\/p>\n<p>Os Celtics, que entraram para 2025\/26 sem ambi\u00e7\u00f5es de t\u00edtulo, face \u00e0s sa\u00eddas de Jrue Holiday, Kristaps Porzingis e Al Horford e \u00e0 grave les\u00e3o sofrido por Jayson Tatum, voltam a jogar na sexta-feira, no reduto do New York Knicks.<\/p>\n","protected":false},"excerpt":{"rendered":"O portugu\u00eas Neemias Queta esteve na quarta-feira em grande plano na estreia na edi\u00e7\u00e3o 2025\/2026 da Liga norte-americana&hellip;\n","protected":false},"author":2,"featured_media":124025,"comment_status":"","ping_status":"","sticky":false,"template":"","format":"standard","meta":{"footnotes":""},"categories":[87],"tags":[2694,135,19519,1867,32,33,134],"class_list":{"0":"post-124024","1":"post","2":"type-post","3":"status-publish","4":"format-standard","5":"has-post-thumbnail","7":"category-desporto","8":"tag-basquetebol","9":"tag-desporto","10":"tag-nba","11":"tag-outras-modalidades","12":"tag-portugal","13":"tag-pt","14":"tag-sports"},"share_on_mastodon":{"url":"https:\/\/pubeurope.com\/@pt\/115426964492054569","error":""},"_links":{"self":[{"href":"https:\/\/www.europesays.com\/pt\/wp-json\/wp\/v2\/posts\/124024","targetHints":{"allow":["GET"]}}],"collection":[{"href":"https:\/\/www.europesays.com\/pt\/wp-json\/wp\/v2\/posts"}],"about":[{"href":"https:\/\/www.europesays.com\/pt\/wp-json\/wp\/v2\/types\/post"}],"author":[{"embeddable":true,"href":"https:\/\/www.europesays.com\/pt\/wp-json\/wp\/v2\/users\/2"}],"replies":[{"embeddable":true,"href":"https:\/\/www.europesays.com\/pt\/wp-json\/wp\/v2\/comments?post=124024"}],"version-history":[{"count":0,"href":"https:\/\/www.europesays.com\/pt\/wp-json\/wp\/v2\/posts\/124024\/revisions"}],"wp:featuredmedia":[{"embeddable":true,"href":"https:\/\/www.europesays.com\/pt\/wp-json\/wp\/v2\/media\/124025"}],"wp:attachment":[{"href":"https:\/\/www.europesays.com\/pt\/wp-json\/wp\/v2\/media?parent=124024"}],"wp:term":[{"taxonomy":"category","embeddable":true,"href":"https:\/\/www.europesays.com\/pt\/wp-json\/wp\/v2\/categories?post=124024"},{"taxonomy":"post_tag","embeddable":true,"href":"https:\/\/www.europesays.com\/pt\/wp-json\/wp\/v2\/tags?post=124024"}],"curies":[{"name":"wp","href":"https:\/\/api.w.org\/{rel}","templated":true}]}}