{"id":124038,"date":"2025-10-24T03:28:19","date_gmt":"2025-10-24T03:28:19","guid":{"rendered":"https:\/\/www.europesays.com\/pt\/124038\/"},"modified":"2025-10-24T03:28:19","modified_gmt":"2025-10-24T03:28:19","slug":"revista-arquivos-de-ciencias-da-saude-da-unipar-consolida-trajetoria-cientifica-de-quase-tres-decadas-universidade-paranaense","status":"publish","type":"post","link":"https:\/\/www.europesays.com\/pt\/124038\/","title":{"rendered":"Revista Arquivos de Ci\u00eancias da Sa\u00fade da Unipar consolida trajet\u00f3ria cient\u00edfica de quase tr\u00eas d\u00e9cadas \u2013 Universidade Paranaense"},"content":{"rendered":"<p data-block-key=\"wjlyy\">A <a href=\"https:\/\/revistas.unipar.br\/index.php\/saude\" rel=\"nofollow noopener\" target=\"_blank\">Revista Arquivos de Ci\u00eancias da Sa\u00fade<\/a>, da Universidade Paranaense (Unipar), alcan\u00e7ou a classifica\u00e7\u00e3o Qualis B1, a mais elevada de sua hist\u00f3ria editorial em 29 anos de exist\u00eancia. A avalia\u00e7\u00e3o reflete a consist\u00eancia, o rigor e a credibilidade cient\u00edfica que marcaram a trajet\u00f3ria do peri\u00f3dico desde sua cria\u00e7\u00e3o.<\/p>\n<p data-block-key=\"cd6kt\">Sob a editoria do professor Nelton Anderson Bespalez Corr\u00eaa, que conduz a publica\u00e7\u00e3o pela terceira vez, a revista refor\u00e7a seu compromisso com a divulga\u00e7\u00e3o do conhecimento cient\u00edfico e com o fortalecimento das \u00e1reas de pesquisa em sa\u00fade. \u201cUma revista cient\u00edfica \u00e9 o reflexo do trabalho de muitos profissionais. O Qualis B1 representa o esfor\u00e7o coletivo de editores, avaliadores, autores e de toda a comunidade acad\u00eamica que acredita no valor da ci\u00eancia e na seriedade da produ\u00e7\u00e3o intelectual da UNIPAR\u201d, destacou Corr\u00eaa.<\/p>\n<p data-block-key=\"616h4\">Ao longo de quase tr\u00eas d\u00e9cadas, a <a href=\"https:\/\/revistas.unipar.br\/index.php\/saude\" rel=\"nofollow noopener\" target=\"_blank\">Arquivos de Ci\u00eancias da Sa\u00fade<\/a> consolidou-se por meio da atua\u00e7\u00e3o de diferentes editores, que contribu\u00edram para a defini\u00e7\u00e3o da pol\u00edtica editorial e para a manuten\u00e7\u00e3o do rigor metodol\u00f3gico da publica\u00e7\u00e3o. Essa trajet\u00f3ria cont\u00ednua construiu uma identidade pr\u00f3pria, baseada em princ\u00edpios de \u00e9tica, responsabilidade e compromisso com a excel\u00eancia acad\u00eamica.<\/p>\n<p data-block-key=\"cbtis\">Neste ano, a revista publicou tr\u00eas edi\u00e7\u00f5es, que somam mais de 80 artigos elaborados por pesquisadores de diferentes institui\u00e7\u00f5es e regi\u00f5es do pa\u00eds. Entre os temas abordados est\u00e3o <a href=\"https:\/\/doi.org\/10.25110\/arqsaude.v29i3.2025-11784\" rel=\"nofollow noopener\" target=\"_blank\">implica\u00e7\u00f5es pulmonares associadas ao uso do cigarro eletr\u00f4nico<\/a>, <a href=\"https:\/\/doi.org\/10.25110\/arqsaude.v29i3.2025-11850\" rel=\"nofollow noopener\" target=\"_blank\">les\u00f5es cervicais n\u00e3o cariosas em idosos<\/a>, <a href=\"https:\/\/doi.org\/10.25110\/arqsaude.v29i3.2025-11154\" rel=\"nofollow noopener\" target=\"_blank\">saberes, pr\u00e1ticas e condutas das mulheres sobre o c\u00e2ncer de colo do \u00fatero<\/a>, <a href=\"https:\/\/doi.org\/10.25110\/arqsaude.v29i3.2025-11794\" rel=\"nofollow noopener\" target=\"_blank\">determinantes sociais da popula\u00e7\u00e3o em situa\u00e7\u00e3o de rua atendida por uma equipe Consult\u00f3rio na Rua<\/a>, entre outros estudos que refletem a diversidade e a relev\u00e2ncia das pesquisas divulgadas.<\/p>\n<p data-block-key=\"7vsn1\">Segundo Corr\u00eaa, o sucesso da revista resulta do esfor\u00e7o conjunto de todos os envolvidos no processo editorial. \u201cManter uma revista ativa e reconhecida \u00e9 um desafio que exige atualiza\u00e7\u00e3o constante e profundo respeito pela ci\u00eancia. O \u00eaxito da Arquivos de Ci\u00eancias da Sa\u00fade \u00e9 fruto do comprometimento de todos que acreditam na miss\u00e3o acad\u00eamica e cient\u00edfica da UNIPAR\u201d, explicou o professor.<\/p>\n","protected":false},"excerpt":{"rendered":"A Revista Arquivos de Ci\u00eancias da Sa\u00fade, da Universidade Paranaense (Unipar), alcan\u00e7ou a classifica\u00e7\u00e3o Qualis B1, a mais&hellip;\n","protected":false},"author":2,"featured_media":124039,"comment_status":"","ping_status":"","sticky":false,"template":"","format":"standard","meta":{"footnotes":""},"categories":[86],"tags":[11663,28626,23343,28621,28625,9435,28618,28622,28623,116,11006,1208,3048,4127,28624,32,28616,33,117,28617,3456,28620,28615,28619,3058],"class_list":{"0":"post-124038","1":"post","2":"type-post","3":"status-publish","4":"format-standard","5":"has-post-thumbnail","7":"category-saude","8":"tag-aulas","9":"tag-campi","10":"tag-campus","11":"tag-cascavel","12":"tag-cianorte","13":"tag-ead","14":"tag-educacao-a-distancia","15":"tag-francisco-beltrao","16":"tag-guaira","17":"tag-health","18":"tag-hibrido","19":"tag-medicina","20":"tag-online","21":"tag-parana","22":"tag-paranavai","23":"tag-portugal","24":"tag-presencial","25":"tag-pt","26":"tag-saude","27":"tag-semipresencial","28":"tag-toledo","29":"tag-umuarama","30":"tag-unipar","31":"tag-universidade-paranaense","32":"tag-vestibular"},"share_on_mastodon":{"url":"https:\/\/pubeurope.com\/@pt\/115427023443885178","error":""},"_links":{"self":[{"href":"https:\/\/www.europesays.com\/pt\/wp-json\/wp\/v2\/posts\/124038","targetHints":{"allow":["GET"]}}],"collection":[{"href":"https:\/\/www.europesays.com\/pt\/wp-json\/wp\/v2\/posts"}],"about":[{"href":"https:\/\/www.europesays.com\/pt\/wp-json\/wp\/v2\/types\/post"}],"author":[{"embeddable":true,"href":"https:\/\/www.europesays.com\/pt\/wp-json\/wp\/v2\/users\/2"}],"replies":[{"embeddable":true,"href":"https:\/\/www.europesays.com\/pt\/wp-json\/wp\/v2\/comments?post=124038"}],"version-history":[{"count":0,"href":"https:\/\/www.europesays.com\/pt\/wp-json\/wp\/v2\/posts\/124038\/revisions"}],"wp:featuredmedia":[{"embeddable":true,"href":"https:\/\/www.europesays.com\/pt\/wp-json\/wp\/v2\/media\/124039"}],"wp:attachment":[{"href":"https:\/\/www.europesays.com\/pt\/wp-json\/wp\/v2\/media?parent=124038"}],"wp:term":[{"taxonomy":"category","embeddable":true,"href":"https:\/\/www.europesays.com\/pt\/wp-json\/wp\/v2\/categories?post=124038"},{"taxonomy":"post_tag","embeddable":true,"href":"https:\/\/www.europesays.com\/pt\/wp-json\/wp\/v2\/tags?post=124038"}],"curies":[{"name":"wp","href":"https:\/\/api.w.org\/{rel}","templated":true}]}}