{"id":124049,"date":"2025-10-24T03:42:31","date_gmt":"2025-10-24T03:42:31","guid":{"rendered":"https:\/\/www.europesays.com\/pt\/124049\/"},"modified":"2025-10-24T03:42:31","modified_gmt":"2025-10-24T03:42:31","slug":"e-preciso-desinflamar-seu-corpo-veja-o-que-dizem-especialistas","status":"publish","type":"post","link":"https:\/\/www.europesays.com\/pt\/124049\/","title":{"rendered":"\u00c9 preciso desinflamar seu corpo? Veja o que dizem especialistas"},"content":{"rendered":"<p>Nos \u00faltimos anos, multiplicaram-se nas redes sociais as promessas de dietas e produtos capazes de desinflamar o corpo. Embora a ci\u00eancia avance no entendimento do tema, muitas dessas estrat\u00e9gias ainda carecem de comprova\u00e7\u00e3o. Mas, afinal, por que tanto se fala em <a href=\"https:\/\/www.bonsfluidos.com.br\/no-prato\/alimentos-anti-inflamatorios-uma-dieta-para-combater-a-inflamacao-silenciosa-e-proteger-seu-coracao.phtml\" rel=\"nofollow noopener\" target=\"_blank\">inflama\u00e7\u00e3o<\/a>?<\/p>\n<p>\u201cEst\u00e1 cada vez mais estabelecido o papel da inflama\u00e7\u00e3o no desenvolvimento de <a href=\"https:\/\/www.bonsfluidos.com.br\/saude\/diagnosticos-de-doencas-autoimunes-aumentaram-nos-ultimos-anos-entenda.phtml\" rel=\"nofollow noopener\" target=\"_blank\">doen\u00e7as<\/a>, sobretudo cardiovasculares\u201d, aponta a endocrinologista<strong> Cl\u00e1udia Schimidt<\/strong>, do <strong>Einstein Hospital Israelita.<\/strong><\/p>\n<p> Entendendo a inflama\u00e7\u00e3o <\/p>\n<p>Al\u00e9m do cora\u00e7\u00e3o, o processo tamb\u00e9m tem sido associado a dist\u00farbios metab\u00f3licos, como <a href=\"https:\/\/www.bonsfluidos.com.br\/coluna-jamar-tejada\/diabetes-e-alimentacao-o-que-pode-e-o-que-deve-ser-evitado.phtml\" rel=\"nofollow noopener\" target=\"_blank\">diabetes<\/a>, e a altera\u00e7\u00f5es no funcionamento do c\u00e9rebro. Contudo, n\u00e3o se trata de um epis\u00f3dio pontual, mas sim da chamada inflama\u00e7\u00e3o cr\u00f4nica de baixo grau ou subcl\u00ednica. \u201cUma condi\u00e7\u00e3o em que o indiv\u00edduo fica anos e at\u00e9 d\u00e9cadas exposto a um estado inflamat\u00f3rio leve, por\u00e9m constante\u201d, observa Schimidt.<\/p>\n<p>A libera\u00e7\u00e3o cont\u00ednua de subst\u00e2ncias pr\u00f3-inflamat\u00f3rias interfere com a fun\u00e7\u00e3o do endot\u00e9lio (o revestimento interno dos vasos sangu\u00edneos), o que aumenta o risco de hipertens\u00e3o arterial e aterosclerose. Tamb\u00e9m pode favorecer a resist\u00eancia \u00e0 <a href=\"https:\/\/www.bonsfluidos.com.br\/saude\/o-que-e-a-diabetes-tipo-5-doenca-foi-oficializada-recentemente.phtml\" rel=\"nofollow noopener\" target=\"_blank\">insulina<\/a>, um dos mecanismos que leva ao diabetes tipo 2.<\/p>\n<p>\u201cFatores como tabagismo, sedentarismo, exposi\u00e7\u00e3o a poluentes e consumo excessivo de <a href=\"https:\/\/www.bonsfluidos.com.br\/bem-estar\/estudo-lista-as-10-bebidas-mais-hidratantes-do-mundo-e-a-agua-nao-e-a-primeira.phtml\" rel=\"nofollow noopener\" target=\"_blank\">bebidas<\/a> alco\u00f3licas podem propiciar essa inflama\u00e7\u00e3o subcl\u00ednica\u201d, diz a nutricionista <strong>Helen Hermana Miranda Hermsdorff<\/strong>, da <strong>Universidade Federal de Vi\u00e7osa (UFV)<\/strong>, em <strong>Minas Gerais.<\/strong><\/p>\n<p> A influencia da dieta <\/p>\n<p>A ingest\u00e3o corriqueira de alimentos classificados como <a href=\"https:\/\/www.bonsfluidos.com.br\/no-prato\/alimentos-ultraprocessados-aceleram-o-envelhecimento-biologico-entenda.phtml\" rel=\"nofollow noopener\" target=\"_blank\">ultraprocessados<\/a> tamb\u00e9m contribui para esse quadro. Estudos mostram uma rela\u00e7\u00e3o da inflama\u00e7\u00e3o cr\u00f4nica com o excesso de produtos que concentram a\u00e7\u00facares, gorduras saturadas e trans, bem como conservantes e demais aditivos.<\/p>\n<p>A obesidade pode ser mais uma das causas. Isso porque a concentra\u00e7\u00e3o de gordura na regi\u00e3o abdominal, que fica entremeada nos \u00f3rg\u00e3os, favorece a produ\u00e7\u00e3o de horm\u00f4nios e diversas subst\u00e2ncias, inclusive as pr\u00f3-inflamat\u00f3rias. Ali ocorre um recrutamento de <a href=\"https:\/\/www.bonsfluidos.com.br\/bem-estar\/cientistas-divulgam-modelo-mais-atual-e-detalhado-de-celula-humana-e-imagens-impressionam-veja.phtml\" rel=\"nofollow noopener\" target=\"_blank\">c\u00e9lulas<\/a> imunol\u00f3gicas, estimulando a libera\u00e7\u00e3o de citocinas, interleucina-6 e do fator de necrose tumoral alfa <strong>(TNF-\u03b1)<\/strong>, entre outras. \u201cO tecido adiposo visceral n\u00e3o \u00e9 apenas um dep\u00f3sito de gordura, ele apresenta algumas fun\u00e7\u00f5es endocrinol\u00f3gicas e imunes\u201d, comenta a endocrinologista do Einstein.<\/p>\n<p>Mas as inflama\u00e7\u00f5es fazem parte do funcionamento natural do corpo e t\u00eam papel essencial na defesa do organismo. \u201cO processo inflamat\u00f3rio \u00e9 fisiol\u00f3gico, acontece para a defesa contra micro-organismos, caso de <a href=\"https:\/\/www.bonsfluidos.com.br\/bem-estar\/bacterias-do-intestino-podem-ditar-a-qualidade-do-sono-segundo-estudo.phtml\" rel=\"nofollow noopener\" target=\"_blank\">bact\u00e9rias<\/a>\u201d, explica a especialista da <strong>UFV<\/strong>. Esse mecanismo tamb\u00e9m \u00e9 desencadeado pela presen\u00e7a de subst\u00e2ncias t\u00f3xicas ou quando surge um machucado, por exemplo. \u201cDor, vermelhid\u00e3o causada pela vasodilata\u00e7\u00e3o, incha\u00e7o e o aumento da temperatura local s\u00e3o sintomas\u201d, relata Hermsdorff.<\/p>\n<p>Por\u00e9m, esse conjunto de manifesta\u00e7\u00f5es difere da inflama\u00e7\u00e3o de baixo grau, que n\u00e3o d\u00e1 sinais e se desenvolve progressivamente a partir de um estilo de <a href=\"https:\/\/www.bonsfluidos.com.br\/tempo-livre\/conheca-777-frases-que-trazem-reflexoes-sobre-a-vida.phtml\" rel=\"nofollow noopener\" target=\"_blank\">vida<\/a> pouco saud\u00e1vel e consequente ganho excessivo de gordura corporal.<\/p>\n<p> Dieta anti-inflamat\u00f3ria n\u00e3o existe <\/p>\n<p>Uma dica para frear as pequenas e constantes inflama\u00e7\u00f5es \u00e9 incorporar h\u00e1bitos saud\u00e1veis ao dia a dia. \u201cEntre as estrat\u00e9gias h\u00e1 o controle do peso corporal, a pr\u00e1tica regular de atividade <a href=\"https:\/\/www.bonsfluidos.com.br\/movimente-se\/segundo-estudo-45-minutos-de-atividade-fisica-diaria-podem-evitar-o-cancer.phtml\" rel=\"nofollow noopener\" target=\"_blank\">f\u00edsica<\/a> e a ado\u00e7\u00e3o de uma alimenta\u00e7\u00e3o equilibrada\u201d, recomenda Cl\u00e1udia Schimidt.<\/p>\n<p>No caso da dieta, isso n\u00e3o tem nada a ver com planos que excluem itens ou consideram certos ingredientes como \u201cmilagrosos\u201d. \u201cN\u00e3o existe dieta anti-inflamat\u00f3ria, mas sim padr\u00f5es alimentares que poderiam ajudar a reduzir a inflama\u00e7\u00e3o sist\u00eamica\u201d, aponta a m\u00e9dica. Um exemplo \u00e9 a <strong>Dieta Mediterr\u00e2nea<\/strong>, que conta com hortali\u00e7as, frutas, gr\u00e3os integrais, legumes, <a href=\"https:\/\/www.bonsfluidos.com.br\/no-prato\/salada-de-feijao-vira-tendencia-confira-os-beneficios.phtml\" rel=\"nofollow noopener\" target=\"_blank\">feij\u00f5es<\/a>, sementes, al\u00e9m de l\u00e1cteos magros, pescados e azeite de oliva. \u00c9 a jun\u00e7\u00e3o dos alimentos e sinergia entre os compostos que colaboram para a \u201cdesinflama\u00e7\u00e3o\u201d.<\/p>\n<p>\t Como desinflamar o corpo? <\/p>\n<p>A nutricionista da UFV enfatiza que, mesmo para ingredientes ben\u00e9ficos, vale atentar-se para exageros, j\u00e1 que excessos cal\u00f3ricos contribuem para o ganho de <a href=\"https:\/\/www.bonsfluidos.com.br\/autoconhecimento\/por-que-meu-peso-oscila-tanto-na-balanca.phtml\" rel=\"nofollow noopener\" target=\"_blank\">peso<\/a>. \u201c\u00c9 importante adequar as quantidades de acordo com as necessidades e a condi\u00e7\u00e3o de sa\u00fade de cada indiv\u00edduo\u201d, ressalta Hermsdorff.<\/p>\n<p>E, ainda que as redes sociais coloquem certos alimentos como \u201cinflamat\u00f3rios\u201d, essas alega\u00e7\u00f5es carecem de evid\u00eancias cient\u00edficas. O leite, por exemplo, s\u00f3 deve ser retirado do dia a dia com aval de m\u00e9dico ou nutricionista e em situa\u00e7\u00f5es como as de intoler\u00e2ncia \u00e0 lactose ou alergia \u00e0 prote\u00edna l\u00e1ctea. O mesmo vale para o gl\u00faten \u2014 a restri\u00e7\u00e3o s\u00f3 \u00e9 necess\u00e1ria aos pacientes cel\u00edacos e aos intolerantes. N\u00e3o existem evid\u00eancias robustas de que o p\u00e3ozinho ou o macarr\u00e3o inflamem o <a href=\"https:\/\/www.bonsfluidos.com.br\/autoconhecimento\/estresse-cronico-pode-afetar-a-saude-fisica-veja-os-efeitos.phtml\" rel=\"nofollow noopener\" target=\"_blank\">corpo<\/a>.<\/p>\n<p>Por falar em p\u00e3es e massas, a sugest\u00e3o \u00e9 caprichar na escolha das fontes de <a href=\"https:\/\/www.bonsfluidos.com.br\/bem-estar\/cuidado-com-os-excessos-carboidratos-sao-boas-fontes-de-energia-mas-em-grande-quantidade-sao-prejudiciais.phtml\" rel=\"nofollow noopener\" target=\"_blank\">carboidrato<\/a>, nutriente indispens\u00e1vel, como refor\u00e7a um estudo publicado em julho no peri\u00f3dico cient\u00edfico<strong> Current Developments in Nutrition<\/strong>. Foram usados dados de mais de 2.225 participantes, e observou-se que entre os que priorizam cereais integrais e seus derivados, a tend\u00eancia era apresentarem menor quantidade de biomarcadores de inflama\u00e7\u00e3o.<\/p>\n<p>\t Cuidado com a microbiota <\/p>\n<p>Ao optar por vers\u00f5es integrais e consumir regularmente outros itens ricos em <a href=\"https:\/\/www.bonsfluidos.com.br\/no-prato\/alimentos-ricos-em-fibras-beneficios-e-fontes-essenciais-para-a-saude.phtml\" rel=\"nofollow noopener\" target=\"_blank\">fibras<\/a>, a sa\u00fade intestinal acaba beneficiada. \u00c9 fundamental cuidar da microbiota para evitar a chamada disbiose, um desequil\u00edbrio dos micro-organismos que habitam o intestino, com maior quantidade de bact\u00e9rias nocivas em compara\u00e7\u00e3o com as probi\u00f3ticas. Nesse cen\u00e1rio, ocorre um aumento da permeabilidade e subst\u00e2ncias inflamat\u00f3rias podem ultrapassar a barreira intestinal, caindo na circula\u00e7\u00e3o e desencadeando inflama\u00e7\u00f5es.<\/p>\n<p>O grupo de pesquisa liderado por <strong>Helen Hermana Hermsdorff<\/strong>, na <strong>UFV<\/strong>, constatou efeitos positivos de castanhas brasileiras \u2013 a do <strong>Brasil<\/strong> (ou do <strong>Par\u00e1<\/strong>) e a de caju \u2013 ao intestino. Por tr\u00e1s da atua\u00e7\u00e3o, destaca-se o mix de nutrientes, em especial o sel\u00eanio, mineral antioxidante e anti-inflamat\u00f3rio. Vale salientar que, em um <a href=\"https:\/\/www.bonsfluidos.com.br\/diversos\/cardapio-integral-conheca-opcoes-praticas-e-saborosas-para-inserir-no-dia-a-dia.phtml\" rel=\"nofollow noopener\" target=\"_blank\">card\u00e1pio<\/a> saud\u00e1vel, h\u00e1 lugar para castanhas \u2014 sem exageros.<\/p>\n<p>Os ingredientes apontados como \u201cmilagrosos\u201d contra a inflama\u00e7\u00e3o podem fazer parte de um contexto alimentar equilibrado, mas sem a esperan\u00e7a de que executem essa promessa. A c\u00farcuma, por exemplo, enche de sabor e cor diversas receitas e cont\u00e9m pitadas de subst\u00e2ncias que ajudam a combater inflama\u00e7\u00f5es. Mas sozinha n\u00e3o faz nenhuma <a href=\"https:\/\/www.bonsfluidos.com.br\/espiritualidade\/conhecida-como-erva-magica-arruda-tem-funcoes-energeticas-e-fitoterapicas-poderosas-no-mundo-espiritual-e-fisico.phtml\" rel=\"nofollow noopener\" target=\"_blank\">m\u00e1gica<\/a>. Assim como gengibre, chia, mirtilo, alho e tantos outros, que s\u00f3 funcionam dentro de uma alimenta\u00e7\u00e3o balanceada, e n\u00e3o de maneira isolada.<\/p>\n<p>J\u00e1 os suplementos s\u00f3 devem ser consumidos com recomenda\u00e7\u00e3o de m\u00e9dico ou nutricionista. No fim, a melhor estrat\u00e9gia anti-inflamat\u00f3ria \u00e9 apostar em uma grande variedade alimentar, ou seja, num card\u00e1pio colorido. A pr\u00e1tica de exerc\u00edcios, sono de qualidade e o gerenciamento do estresse s\u00e3o outros grandes aliados da <a href=\"https:\/\/www.bonsfluidos.com.br\/bem-estar\/saude-nao-e-so-ausencia-de-doenca-o-que-voce-pode-fazer-hoje-para-viver-melhor-amanha.phtml\" rel=\"nofollow noopener\" target=\"_blank\">sa\u00fade<\/a>.<\/p>\n<p>*Texto de Regina C\u00e9lia Pereira, da Ag\u00eancia Einstein<\/p>\n","protected":false},"excerpt":{"rendered":"Nos \u00faltimos anos, multiplicaram-se nas redes sociais as promessas de dietas e produtos capazes de desinflamar o corpo.&hellip;\n","protected":false},"author":2,"featured_media":124050,"comment_status":"","ping_status":"","sticky":false,"template":"","format":"standard","meta":{"footnotes":""},"categories":[86],"tags":[2369,1468,538,3570,28627,2645,7614,116,5473,28628,24951,32,33,117],"class_list":{"0":"post-124049","1":"post","2":"type-post","3":"status-publish","4":"format-standard","5":"has-post-thumbnail","7":"category-saude","8":"tag-alimentacao","9":"tag-alimentos","10":"tag-bem-estar","11":"tag-corpo","12":"tag-desinflamar","13":"tag-especialistas","14":"tag-habitos-saudaveis","15":"tag-health","16":"tag-inflamacao","17":"tag-ingredientes","18":"tag-organismo","19":"tag-portugal","20":"tag-pt","21":"tag-saude"},"share_on_mastodon":{"url":"https:\/\/pubeurope.com\/@pt\/115427078503359984","error":""},"_links":{"self":[{"href":"https:\/\/www.europesays.com\/pt\/wp-json\/wp\/v2\/posts\/124049","targetHints":{"allow":["GET"]}}],"collection":[{"href":"https:\/\/www.europesays.com\/pt\/wp-json\/wp\/v2\/posts"}],"about":[{"href":"https:\/\/www.europesays.com\/pt\/wp-json\/wp\/v2\/types\/post"}],"author":[{"embeddable":true,"href":"https:\/\/www.europesays.com\/pt\/wp-json\/wp\/v2\/users\/2"}],"replies":[{"embeddable":true,"href":"https:\/\/www.europesays.com\/pt\/wp-json\/wp\/v2\/comments?post=124049"}],"version-history":[{"count":0,"href":"https:\/\/www.europesays.com\/pt\/wp-json\/wp\/v2\/posts\/124049\/revisions"}],"wp:featuredmedia":[{"embeddable":true,"href":"https:\/\/www.europesays.com\/pt\/wp-json\/wp\/v2\/media\/124050"}],"wp:attachment":[{"href":"https:\/\/www.europesays.com\/pt\/wp-json\/wp\/v2\/media?parent=124049"}],"wp:term":[{"taxonomy":"category","embeddable":true,"href":"https:\/\/www.europesays.com\/pt\/wp-json\/wp\/v2\/categories?post=124049"},{"taxonomy":"post_tag","embeddable":true,"href":"https:\/\/www.europesays.com\/pt\/wp-json\/wp\/v2\/tags?post=124049"}],"curies":[{"name":"wp","href":"https:\/\/api.w.org\/{rel}","templated":true}]}}