{"id":124051,"date":"2025-10-24T03:49:09","date_gmt":"2025-10-24T03:49:09","guid":{"rendered":"https:\/\/www.europesays.com\/pt\/124051\/"},"modified":"2025-10-24T03:49:09","modified_gmt":"2025-10-24T03:49:09","slug":"tony-carreira-e-fernanda-antunes-familia-cumpre-ultimo-sonho-de-sara-carreira","status":"publish","type":"post","link":"https:\/\/www.europesays.com\/pt\/124051\/","title":{"rendered":"Tony Carreira E Fernanda Antunes &#8211; Fam\u00edlia cumpre \u00faltimo sonho de Sara Carreira"},"content":{"rendered":"<p>Criada em 2021 com o prop\u00f3sito de dar continuidade aos sonhos de <strong>Sara Carreira<\/strong> e de honrar a sua mem\u00f3ria, a<strong> Associa\u00e7\u00e3o Sara Carreira<\/strong> prepara-se para cumprir mais um cap\u00edtulo da sua miss\u00e3o: apoiar a camada s\u00e9nior da popula\u00e7\u00e3o. Com este novo passo, <strong>Tony Carreira, Fernanda Antunes e os filhos, David e Mickael<\/strong>, pretendem concretizar o \u00faltimo grande sonho da jovem, que morreu em 2020, depois de j\u00e1 terem conseguido avan\u00e7ar com os outros projetos: ajudar jovens, animais e fam\u00edlias carenciadas.<\/p>\n<p>&#8220;A Sara sempre teve um cora\u00e7\u00e3o enorme e uma sensibilidade muito especial para ajudar quem mais precisava. Era um dos seus maiores sonhos. <strong>Para o pr\u00f3ximo ano, vamos concretizar esse desejo com um novo projeto que vai unir os nossos bolseiros aos mais idosos. <\/strong>O primeiro passo ser\u00e1 dado no dia 21 de outubro, o dia de anivers\u00e1rio da Sara, com uma visita ao Centro de Dia Amor, na Charneca da Caparica. Por acontecer nesta data t\u00e3o especial, este momento ganha ainda mais significado para todos n\u00f3s&#8221;, conta Fernanda Antunes.<\/p>\n<p>A NOVA GENTE esteve na sede da Associa\u00e7\u00e3o, em Almada, na Margem Sul, onde a equipa, encabe\u00e7ada por uma nova diretora, Maria Jo\u00e3o Ven\u00e2ncio, est\u00e1 a trabalhar neste projeto. &#8220;Agora vamos ter quatro pilares fundamentais de apoio. Quanto aos s\u00e9niores, queremos criar um projeto de combate ao isolamento. A ideia \u00e9 tentar aproveitar a energia que os bolseiros t\u00eam e poder, no fundo, p\u00f4-los em contacto com a camada mais s\u00e9nior. Fazermos uma interliga\u00e7\u00e3o. <strong>Vamos selecionar uma junta de freguesia que nos d\u00ea esse apoio, que tenha essa camada identificada de quem \u00e9 que, efetivamente, necessita mais de acompanhamento. E depois, orientamos os nossos bolseiros<\/strong>&#8220;, come\u00e7ou por explicar.<\/p>\n<p>De acordo com a disponibilidade dos jovens e consoante as necessidades de cada s\u00e9nior, poder\u00e3o ser feitas in\u00fameras atividades. &#8220;Vamos ao encontro do que eles precisem. Imagine-se que querem ir beber um caf\u00e9, que querem que lhes leiam um livro, que os acompanhem a uma consulta m\u00e9dica, que os ajudem a desenhar, a aprender uma l\u00edngua estrangeira, ou qualquer coisa que tenham vontade. A ideia \u00e9 fazer alguma coisa que seja \u00fatil&#8221;. A Associa\u00e7\u00e3o j\u00e1 tem o projeto &#8220;mais ou menos desenhado&#8221;\u00a0e uma freguesia identificada.<strong> &#8220;Vamos come\u00e7ar por Lisboa. Agora temos que balancear o que temos &#8216;dentro de casa&#8217;\u00a0com aquilo que podemos fazer. A ideia \u00e9 que isto seja um projeto de 2026&#8221;<\/strong>.<\/p>\n<p>Maria Jo\u00e3o explica que este foi um grande desejo que Sara manifestou. &#8220;Ela era multifacetada, mas estes eram os principais projetos dela: os jovens, as fam\u00edlias carenciadas, os animais e os seniores. <strong>Faltava-nos cumprir este. Portanto, vamos dar o pontap\u00e9 de sa\u00edda no in\u00edcio do ano<\/strong>&#8220;, sublinha a diretora.<\/p>\n<p>Tony Carreira n\u00e3o podia estar mais orgulhoso do caminho que a associa\u00e7\u00e3o tem tomado. &#8220;H\u00e1 muitas coisas que n\u00f3s fazemos que n\u00e3o t\u00eam a visibilidade das crian\u00e7as que n\u00f3s ajudamos. Mas h\u00e1 outras causas que n\u00f3s ajudamos, como os animais tamb\u00e9m. Ajudamos pontualmente alguns casos graves, como foi h\u00e1 um ano o caso do Santiago, em Santiago do Cac\u00e9m, <strong>em que oferecemos uma carrinha para ele poder ser transportado, para ter uma vida um bocadinho melhor<\/strong>&#8220;.<\/p>\n<p><strong>N\u00e3o perca a mat\u00e9ria na \u00edntegra na NOVA GENTE desta semana. J\u00e1 nas bancas.<\/strong><\/p>\n<p><img decoding=\"async\" alt=\"\" src=\"https:\/\/www.europesays.com\/pt\/wp-content\/uploads\/2025\/10\/1.55382-e1761142177529.jpg\" style=\"width: 350px; height: 451px;\"\/><\/p>\n<p>Texto: Andreia Valente e V\u00e2nia Nunes; Fotos:\u00a0Impala<\/p>\n<p class=\"intagram-text\">Siga a Nova Gente no Instagram<\/p>\n<p>                        <a href=\"https:\/\/www.instagram.com\/revistanovagente\/\" target=\"_blank\" aria-label=\"instagram\" rel=\"noopener nofollow\"><img decoding=\"async\" style=\"display: block; margin-left: auto; margin-right: auto; width: 250px; height: 83px;\" src=\"https:\/\/www.europesays.com\/pt\/wp-content\/uploads\/2025\/10\/Instagram_NG.png\" alt=\"instagram\"\/><\/a><br \/>\n                    <script async src=\"\/\/www.instagram.com\/embed.js\"><\/script><\/p>\n","protected":false},"excerpt":{"rendered":"Criada em 2021 com o prop\u00f3sito de dar continuidade aos sonhos de Sara Carreira e de honrar a&hellip;\n","protected":false},"author":2,"featured_media":124052,"comment_status":"","ping_status":"","sticky":false,"template":"","format":"standard","meta":{"footnotes":""},"categories":[145],"tags":[211,210,114,115,28630,32,33,28631,7908,28629],"class_list":{"0":"post-124051","1":"post","2":"type-post","3":"status-publish","4":"format-standard","5":"has-post-thumbnail","7":"category-celebridades","8":"tag-celebridades","9":"tag-celebrities","10":"tag-entertainment","11":"tag-entretenimento","12":"tag-fernanda-antunes","13":"tag-portugal","14":"tag-pt","15":"tag-sara-carreira","16":"tag-tony-carreira","17":"tag-tony-carreira-e-fernanda-antunes"},"share_on_mastodon":{"url":"https:\/\/pubeurope.com\/@pt\/115427106134035172","error":""},"_links":{"self":[{"href":"https:\/\/www.europesays.com\/pt\/wp-json\/wp\/v2\/posts\/124051","targetHints":{"allow":["GET"]}}],"collection":[{"href":"https:\/\/www.europesays.com\/pt\/wp-json\/wp\/v2\/posts"}],"about":[{"href":"https:\/\/www.europesays.com\/pt\/wp-json\/wp\/v2\/types\/post"}],"author":[{"embeddable":true,"href":"https:\/\/www.europesays.com\/pt\/wp-json\/wp\/v2\/users\/2"}],"replies":[{"embeddable":true,"href":"https:\/\/www.europesays.com\/pt\/wp-json\/wp\/v2\/comments?post=124051"}],"version-history":[{"count":0,"href":"https:\/\/www.europesays.com\/pt\/wp-json\/wp\/v2\/posts\/124051\/revisions"}],"wp:featuredmedia":[{"embeddable":true,"href":"https:\/\/www.europesays.com\/pt\/wp-json\/wp\/v2\/media\/124052"}],"wp:attachment":[{"href":"https:\/\/www.europesays.com\/pt\/wp-json\/wp\/v2\/media?parent=124051"}],"wp:term":[{"taxonomy":"category","embeddable":true,"href":"https:\/\/www.europesays.com\/pt\/wp-json\/wp\/v2\/categories?post=124051"},{"taxonomy":"post_tag","embeddable":true,"href":"https:\/\/www.europesays.com\/pt\/wp-json\/wp\/v2\/tags?post=124051"}],"curies":[{"name":"wp","href":"https:\/\/api.w.org\/{rel}","templated":true}]}}