{"id":124082,"date":"2025-10-24T04:25:08","date_gmt":"2025-10-24T04:25:08","guid":{"rendered":"https:\/\/www.europesays.com\/pt\/124082\/"},"modified":"2025-10-24T04:25:08","modified_gmt":"2025-10-24T04:25:08","slug":"prevencao-do-aedes-aegypti-se-intensifica-com-inicio-do-periodo-de-chuvas-em-feira-de-santana","status":"publish","type":"post","link":"https:\/\/www.europesays.com\/pt\/124082\/","title":{"rendered":"Preven\u00e7\u00e3o do Aedes aegypti se intensifica com in\u00edcio do per\u00edodo de chuvas em Feira de Santana"},"content":{"rendered":"<p>\t\t\t\t\t\t\t\t\t<a href=\"https:\/\/jornalgrandebahia.com.br\/author\/jornal-grande-bahia\/\" rel=\"nofollow noopener\" target=\"_blank\"><\/p>\n<p>\t\t\t\t\t\t\tReda\u00e7\u00e3o do Jornal Grande Bahia<br \/>\n\t\t\t\t\t<\/a><\/p>\n<p>\n\t\t\t\t\t\tO Jornal Grande Bahia (JGB) \u00e9 um site de not\u00edcias com publica\u00e7\u00f5es que abrangem as Regi\u00f5es Metropolitanas de Feira de Santana e Salvador, dirigido e editado pelo jornalista e cientista social Carlos Augusto.\t\t\t\t\t<\/p>\n<p>\t\t\t\t\t\t\t\t\t<a class=\"elementor-author-box__button elementor-button elementor-size-xs\" href=\"https:\/\/jornalgrandebahia.com.br\/author\/jornal-grande-bahia\/\" rel=\"nofollow noopener\" target=\"_blank\"><br \/>\n\t\t\t\t\t\tLeia +\t\t\t\t\t<\/a><\/p>\n","protected":false},"excerpt":{"rendered":"Reda\u00e7\u00e3o do Jornal Grande Bahia O Jornal Grande Bahia (JGB) \u00e9 um site de not\u00edcias com publica\u00e7\u00f5es que&hellip;\n","protected":false},"author":2,"featured_media":124083,"comment_status":"","ping_status":"","sticky":false,"template":"","format":"standard","meta":{"footnotes":""},"categories":[86],"tags":[6319,116,32,6320,33,117,6321],"class_list":{"0":"post-124082","1":"post","2":"type-post","3":"status-publish","4":"format-standard","5":"has-post-thumbnail","7":"category-saude","8":"tag-governo-ronaldo-5","9":"tag-health","10":"tag-portugal","11":"tag-prefeitura-de-feira-de-santana-pmfs","12":"tag-pt","13":"tag-saude","14":"tag-secretaria-municipal-de-saude-de-feira-de-santana-sms-de-fsa"},"share_on_mastodon":{"url":"https:\/\/pubeurope.com\/@pt\/115427247642229018","error":""},"_links":{"self":[{"href":"https:\/\/www.europesays.com\/pt\/wp-json\/wp\/v2\/posts\/124082","targetHints":{"allow":["GET"]}}],"collection":[{"href":"https:\/\/www.europesays.com\/pt\/wp-json\/wp\/v2\/posts"}],"about":[{"href":"https:\/\/www.europesays.com\/pt\/wp-json\/wp\/v2\/types\/post"}],"author":[{"embeddable":true,"href":"https:\/\/www.europesays.com\/pt\/wp-json\/wp\/v2\/users\/2"}],"replies":[{"embeddable":true,"href":"https:\/\/www.europesays.com\/pt\/wp-json\/wp\/v2\/comments?post=124082"}],"version-history":[{"count":0,"href":"https:\/\/www.europesays.com\/pt\/wp-json\/wp\/v2\/posts\/124082\/revisions"}],"wp:featuredmedia":[{"embeddable":true,"href":"https:\/\/www.europesays.com\/pt\/wp-json\/wp\/v2\/media\/124083"}],"wp:attachment":[{"href":"https:\/\/www.europesays.com\/pt\/wp-json\/wp\/v2\/media?parent=124082"}],"wp:term":[{"taxonomy":"category","embeddable":true,"href":"https:\/\/www.europesays.com\/pt\/wp-json\/wp\/v2\/categories?post=124082"},{"taxonomy":"post_tag","embeddable":true,"href":"https:\/\/www.europesays.com\/pt\/wp-json\/wp\/v2\/tags?post=124082"}],"curies":[{"name":"wp","href":"https:\/\/api.w.org\/{rel}","templated":true}]}}