{"id":124088,"date":"2025-10-24T04:34:10","date_gmt":"2025-10-24T04:34:10","guid":{"rendered":"https:\/\/www.europesays.com\/pt\/124088\/"},"modified":"2025-10-24T04:34:10","modified_gmt":"2025-10-24T04:34:10","slug":"editora-roncarati-coautoras-do-livro-mulheres-na-previdencia-complementar-distribuem-autografos-durante-o-46o-cbpp","status":"publish","type":"post","link":"https:\/\/www.europesays.com\/pt\/124088\/","title":{"rendered":"Editora Roncarati &#8211; Coautoras do livro \u201cMulheres na Previd\u00eancia Complementar\u201d distribuem aut\u00f3grafos durante o 46\u00ba CBPP"},"content":{"rendered":"<p>\t\t\t\t\t<a href=\"https:\/\/www.editoraroncarati.com.br\/v2\/Artigos-e-Noticias\/Artigos-e-Noticias\/Coautoras-do-livro-Mulheres-na-Previdencia-Complementar-distribuem-autografos-durante-o-46\u00ba-CBPP\/Imprimir.html\" title=\"Imprimir\" onclick=\"window.open(this.href,&#039;win2&#039;,&#039;status=no,toolbar=no,scrollbars=yes,titlebar=no,menubar=no,resizable=yes,width=640,height=480,directories=no,location=no&#039;); return false;\" rel=\"nofollow noopener\" target=\"_blank\"><img decoding=\"async\" src=\"https:\/\/www.europesays.com\/pt\/wp-content\/uploads\/2025\/07\/printButton.png\" alt=\"Imprimir\" \/><\/a>\t\t\t\t<\/p>\n<p>\t\t\t\t\t<a href=\"https:\/\/www.editoraroncarati.com.br\/v2\/pdf\/Artigos-e-Noticias\/Artigos-e-Noticias\/Coautoras-do-livro-Mulheres-na-Previdencia-Complementar-distribuem-autografos-durante-o-46\u00ba-CBPP.pdf\" title=\"PDF\" onclick=\"window.open(this.href,&#039;win2&#039;,&#039;status=no,toolbar=no,scrollbars=yes,titlebar=no,menubar=no,resizable=yes,width=640,height=480,directories=no,location=no&#039;); return false;\" rel=\"nofollow noopener\" target=\"_blank\"><img decoding=\"async\" src=\"https:\/\/www.europesays.com\/pt\/wp-content\/uploads\/2025\/07\/pdf_button.png\" alt=\"PDF\" \/><\/a>\t\t\t\t<\/p>\n<p>\t<a href=\"https:\/\/www.editoraroncarati.com.br\/v2\/Artigos-e-Noticias\/Artigos-e-Noticias\/Coautoras-do-livro-Mulheres-na-Previdencia-Complementar-distribuem-autografos-durante-o-46\u00ba-CBPP.html\/javascript:history.go(-1)\" rel=\"nofollow noopener\" target=\"_blank\">Voltar<\/a><\/p>\n<p style=\"text-align: justify;\">Por Bruna Chieco<\/p>\n<p style=\"text-align: center;\"><img loading=\"lazy\" decoding=\"async\" src=\"https:\/\/www.europesays.com\/pt\/wp-content\/uploads\/2025\/10\/abrapp_23105_2.jpg\" alt=\"abrapp 23105 2\" width=\"800\" height=\"533\" \/><\/p>\n<p>Em uma movimentada sess\u00e3o de aut\u00f3grafos, as coautoras do livro \u201cMulheres na Previd\u00eancia Complementar \u2013 Edi\u00e7\u00e3o Poder de uma Hist\u00f3ria | Volume 1\u201d marcaram presen\u00e7a durante o 46\u00ba Congresso Brasileiro de Previd\u00eancia Privada (CBPP) na tarde desta quinta-feira, 23 de outubro.<\/p>\n<p>A obra, coordenada por Elaine Turatti, advogada que atua no setor desde 2006, re\u00fane a trajet\u00f3ria de 31 coautoras, profissionais de diferentes \u00e1reas da previd\u00eancia complementar, que compartilham suas hist\u00f3rias e experi\u00eancias, com relatos inspiradores marcados por desafios e oportunidades. O livro conta ainda com a hist\u00f3ria da CEO da Editora Leader e idealizadora da S\u00e9rie Mulheres, Andr\u00e9ia Roma.<\/p>\n<p>O principal objetivo \u00e9 dar visibilidade ao protagonismo feminino no setor, e cada cap\u00edtulo traz uma perspectiva \u00fanica sobre trajet\u00f3rias de vida, desafios, conquistas e reflex\u00f5es no contexto da previd\u00eancia complementar e do desenvolvimento profissional feminino.<\/p>\n<p>Na introdu\u00e7\u00e3o, Elaine Turatti destaca a transforma\u00e7\u00e3o social, destacando que a equidade deixou de ser uma pauta aspiracional para se tornar \u201cum compromisso concreto, mensur\u00e1vel e irrevers\u00edvel\u201d.<\/p>\n<p>O livro, portanto, foca no protagonismo das mulheres que constroem o setor da previd\u00eancia complementar, \u201cmuitas vezes em sil\u00eancio, invis\u00edveis nas estat\u00edsticas, mas fundamentais nos resultados\u201d, pontua.<\/p>\n<p>Ela refor\u00e7a: \u201cSegundo pesquisa produzida pelo Minist\u00e9rio da Previd\u00eancia Social com a Abrapp, as mulheres s\u00e3o a maioria da for\u00e7a nas Entidades Fechadas de Previd\u00eancia Complementar, representando, em m\u00e9dia, 58% dos colaboradores. No entanto, esse protagonismo ainda n\u00e3o se reflete nos cargos de poder e decis\u00e3o\u201d.<\/p>\n<p>Por isso, o livro chega para causar reflex\u00e3o e transform\u00e1-la em a\u00e7\u00f5es concretas. \u201cPorque o poder de uma hist\u00f3ria n\u00e3o est\u00e1 apenas no que ela conta, mas no que ela transforma\u201d, diz Turatti.<\/p>\n<p>No pref\u00e1cio, Aparecida Pagliarini, que \u00e9 advogada especialista em previd\u00eancia complementar, destacou que o vasto universo do setor \u00e9 multidisciplinar e deve cuidar da poupan\u00e7a de terceiros, tendo influ\u00eancia e ao mesmo tempo capitalizando no mercado financeiro. \u201cVasto porque requer cautela, \u00e9tica, integridade, preparo, vis\u00e3o de m\u00e9dio e de longo prazos\u201d, continua.<\/p>\n<p>Ela cita o ambiente predominantemente masculino do setor e sua evolu\u00e7\u00e3o a partir do prop\u00f3sito unificador das mulheres, que se juntam no \u201cdesenvolvimento e aprimoramento da previd\u00eancia privada para que a educa\u00e7\u00e3o financeira e previdenci\u00e1ria promova a poupan\u00e7a de longo prazo\u201d.<\/p>\n<p>Veja a seguir os temas escritos por cada uma das autoras:<\/p>\n<ol style=\"margin-top: 0cm;\" start=\"1\">&#13;<\/p>\n<li>O poder das escolhas: como a coragem constr\u00f3i caminhos \u2013 Elaine Turatti<\/li>\n<p>&#13;<\/p>\n<li>Aprender, ensinar, transformar: minha hist\u00f3ria \u2013 Adriana Carvalho<\/li>\n<p>&#13;<\/p>\n<li>Determinada a vencer \u00a0\u2013 Aline Paz<\/li>\n<p>&#13;<\/p>\n<li>Sem medo de seguir meu cora\u00e7\u00e3o \u00a0\u2013 Ana Carolina Oliveira<\/li>\n<p>&#13;<\/p>\n<li>Estudar sempre far\u00e1 a diferen\u00e7a \u2013 Ana Paula Oriola De Raefifray<\/li>\n<p>&#13;<\/p>\n<li>De jovem aprendiz a lideran\u00e7a na Previd\u00eancia Complementar: uma jornada de transforma\u00e7\u00e3o \u00a0\u2013 Andr\u00e9ia Pedroso Arm\u00eanio<\/li>\n<p>&#13;<\/p>\n<li>A Previd\u00eancia Complementar: uma hist\u00f3ria de oportunidade e educa\u00e7\u00e3o \u00a0\u2013 Arlete Nese<\/li>\n<p>&#13;<\/p>\n<li>O c\u00e9u n\u00e3o \u00e9 o limite para quem se doa completamente em tudo que se prontifica a fazer \u00a0\u2013 Carla Cristina Silva<\/li>\n<p>&#13;<\/p>\n<li>Minha hist\u00f3ria em vendas, uma \u00e1rea de possibilidades infinitas para supera\u00e7\u00e3o, liberdade e prosperidade \u00a0\u2013 Cinthia Shingai<\/li>\n<p>&#13;<\/p>\n<li>O poder do prop\u00f3sito e da resili\u00eancia \u00a0\u2013 Daniela Cl\u00e1udia Carneiro F\u00e9lix<\/li>\n<p>&#13;<\/p>\n<li>Sabedoria ningu\u00e9m tira \u00a0\u2013 Daniela Gouveia Valverde<\/li>\n<p>&#13;<\/p>\n<li>Do Graja para o mundo \u00a0\u2013 Eliane Silva<\/li>\n<p>&#13;<\/p>\n<li>Efeito borboleta \u2013 \u00c9rika Palma<\/li>\n<p>&#13;<\/p>\n<li>Minha vida em um livro aberto \u00a0\u2013 Eunice Pereira Lima<\/li>\n<p>&#13;<\/p>\n<li>Com persist\u00eancia, for\u00e7a de vontade, confian\u00e7a, sem medo dos resultados, tudo \u00e9 poss\u00edvel \u00a0\u2013 Francis Nascimento<\/li>\n<p>&#13;<\/p>\n<li>N\u00e3o escolhi, fui escolhida, e isso foi fant\u00e1stico \u00a0\u2013 Juliana Cardozo<\/li>\n<p>&#13;<\/p>\n<li>Minhas refer\u00eancias \u00a0\u2013 Liane C\u00e2mara Matoso Chacon<\/li>\n<p>&#13;<\/p>\n<li>Minha jornada: vida, desafios e conquistas \u00a0\u2013 Lilian Mota<\/li>\n<p>&#13;<\/p>\n<li>Entre ra\u00edzes e asas: como aprendi a voar \u00a0\u2013 Luciana Corr\u00eaa Dalcanale<\/li>\n<p>&#13;<\/p>\n<li>Minha trajet\u00f3ria na Previd\u00eancia Complementar: uma vida em movimento \u00a0\u2013 Lygia Avena<\/li>\n<p>&#13;<\/p>\n<li>A liberdade de ser quem voc\u00ea \u00e9 vale mais do que qualquer padr\u00e3o \u2013 Magdarilse Dal Fiume Germany<\/li>\n<p>&#13;<\/p>\n<li>Entre autoconhecimento, disciplina e prop\u00f3sito \u00a0\u2013 Maria Elizabete da Silva<\/li>\n<p>&#13;<\/p>\n<li>Caminhos entrela\u00e7ados \u00a0\u2013 Maria Paula Aranha<\/li>\n<p>&#13;<\/p>\n<li>A feliz descoberta ao acaso da Previd\u00eancia Complementar: a minha jornada de crescimento e lideran\u00e7a \u2013 Mariana Monte Alegre de Paiva<\/li>\n<p>&#13;<\/p>\n<li>Construindo o futuro: li\u00e7\u00f5es de vida e previd\u00eancia \u2013 Marlene de F\u00e1tima Ribeiro Silva<\/li>\n<p>&#13;<\/p>\n<li>Vento oportuno: protagonismo e coragem para aproveitar as mudan\u00e7as e as oportunidades de forma positiva\u00a0\u2013 Patr\u00edcia Ferradans<\/li>\n<p>&#13;<\/p>\n<li>Transforma\u00e7\u00e3o e lideran\u00e7a: a mulher que fez hist\u00f3ria na previd\u00eancia \u2013 Patricia Motta Fagundes<\/li>\n<p>&#13;<\/p>\n<li>Sustentabilidade | ASG: destino (ou caminhos escolhidos) \u2013 Raquel Cavalcanti Castelpoggi<\/li>\n<p>&#13;<\/p>\n<li>Uma jornada de desafios \u2013 Rosangela P. Sales<\/li>\n<p>&#13;<\/p>\n<li>Hist\u00f3rias que nos formam: da fam\u00edlia ao mercado previdenci\u00e1rio \u2013 Sara Marques<\/li>\n<p>&#13;<\/p>\n<li>Sonhos, caminhos, jornada \u2013 Suzi Marcia Mateus<\/li>\n<p>&#13;\n<\/ol>\n<p style=\"text-align: justify;\"><strong>Fonte<\/strong>: <a href=\"https:\/\/blog.abrapp.org.br\/blog\/coautoras-mulheres-previdencia-distribuem-autografos-46-cbpp\/\" rel=\"nofollow noopener\" target=\"_blank\">Abrapp em Foco<\/a>, em 23.10.2025<\/p>\n","protected":false},"excerpt":{"rendered":"Voltar Por Bruna Chieco Em uma movimentada sess\u00e3o de aut\u00f3grafos, as coautoras do livro \u201cMulheres na Previd\u00eancia Complementar&hellip;\n","protected":false},"author":2,"featured_media":108,"comment_status":"","ping_status":"","sticky":false,"template":"","format":"standard","meta":{"footnotes":""},"categories":[143],"tags":[169,133,114,115,170,32,33],"class_list":{"0":"post-124088","1":"post","2":"type-post","3":"status-publish","4":"format-standard","5":"has-post-thumbnail","7":"category-livros","8":"tag-books","9":"tag-editora-roncarati","10":"tag-entertainment","11":"tag-entretenimento","12":"tag-livros","13":"tag-portugal","14":"tag-pt"},"share_on_mastodon":{"url":"https:\/\/pubeurope.com\/@pt\/115427283315848480","error":""},"_links":{"self":[{"href":"https:\/\/www.europesays.com\/pt\/wp-json\/wp\/v2\/posts\/124088","targetHints":{"allow":["GET"]}}],"collection":[{"href":"https:\/\/www.europesays.com\/pt\/wp-json\/wp\/v2\/posts"}],"about":[{"href":"https:\/\/www.europesays.com\/pt\/wp-json\/wp\/v2\/types\/post"}],"author":[{"embeddable":true,"href":"https:\/\/www.europesays.com\/pt\/wp-json\/wp\/v2\/users\/2"}],"replies":[{"embeddable":true,"href":"https:\/\/www.europesays.com\/pt\/wp-json\/wp\/v2\/comments?post=124088"}],"version-history":[{"count":0,"href":"https:\/\/www.europesays.com\/pt\/wp-json\/wp\/v2\/posts\/124088\/revisions"}],"wp:featuredmedia":[{"embeddable":true,"href":"https:\/\/www.europesays.com\/pt\/wp-json\/wp\/v2\/media\/108"}],"wp:attachment":[{"href":"https:\/\/www.europesays.com\/pt\/wp-json\/wp\/v2\/media?parent=124088"}],"wp:term":[{"taxonomy":"category","embeddable":true,"href":"https:\/\/www.europesays.com\/pt\/wp-json\/wp\/v2\/categories?post=124088"},{"taxonomy":"post_tag","embeddable":true,"href":"https:\/\/www.europesays.com\/pt\/wp-json\/wp\/v2\/tags?post=124088"}],"curies":[{"name":"wp","href":"https:\/\/api.w.org\/{rel}","templated":true}]}}