{"id":124092,"date":"2025-10-24T04:38:24","date_gmt":"2025-10-24T04:38:24","guid":{"rendered":"https:\/\/www.europesays.com\/pt\/124092\/"},"modified":"2025-10-24T04:38:24","modified_gmt":"2025-10-24T04:38:24","slug":"incrivel-marca-tres-vezes-no-primeiro-minuto-de-jogos-da-uefa-e-faz-historia","status":"publish","type":"post","link":"https:\/\/www.europesays.com\/pt\/124092\/","title":{"rendered":"INCR\u00cdVEL: marca tr\u00eas vezes no primeiro minuto de jogos da UEFA e faz hist\u00f3ria"},"content":{"rendered":"<p>Leandro Andrade, extremo portugu\u00eas nascido em Tavira e internacional por Cabo Verde, entrou para a hist\u00f3ria do futebol europeu ao tornar-se no primeiro jogador de sempre a marcar no primeiro minuto em tr\u00eas jogos distintos das competi\u00e7\u00f5es da UEFA.<\/p>\n<p>De acordo com a base de dados da Opta, o jogador do Qarabag, do Azerbaij\u00e3o, assinou este feito com golos frente ao H\u00e4cken (para a Liga Europa em dezembro de 2023), Steaua de Bucareste (Liga dos Campe\u00f5es em janeiro de 2025) e <a href=\"https:\/\/maisfutebol.iol.pt\/internacional\/liga-campeoes\/champions-qarabag-cai-em-bilbao-osimehn-conduz-galatasaray-a-vitoria\" target=\"_blank\" rel=\"nofollow noopener\">Athletic Bilbao (esta ter\u00e7a-feira)<\/a>.<\/p>\n<p data-end=\"1171\" data-start=\"746\">De recordar, Leandro Andrade abriu o marcador no <a href=\"https:\/\/maisfutebol.iol.pt\/jogo\/aominuto\/benfica\/qarabag\/13830228\" target=\"_blank\" rel=\"nofollow noopener\">triunfo do Qarabag em Lisboa, frente ao Benfica<\/a>, na primeira jornada da Liga da Champions.<\/p>\n<blockquote class=\"twitter-tweet\">\n<p lang=\"en\">1 &#8211; Qarabag&#8217;s Leandro Andrade is the first player in major European football competition history to score in the 1st minute of three different games:<\/p>\n<p>Dec 2023 vs H\u00e4cken<br \/>Jan 2025 vs FCSB<br \/>Oct 2025 vs Athletic Club<\/p>\n<p>Rapid. <a href=\"https:\/\/t.co\/Li9J71wh7F\" rel=\"nofollow\">pic.twitter.com\/Li9J71wh7F<\/a><\/p>\n<p> \u2014 OptaJoe (@OptaJoe)<br \/>\n  <a href=\"https:\/\/twitter.com\/OptaJoe\/status\/1981042615614107820?ref_src=twsrc%5Etfw\" rel=\"nofollow noopener\" target=\"_blank\">October 22, 2025<\/a>\n <\/p><\/blockquote>\n<p data-end=\"1171\" data-start=\"746\"><strong>Veja aqui o resumo do Athletic Bilbao-Qarabag, onde Leandro Andrade completou este feito:<\/strong><\/p>\n<p>                                <script async src=\"https:\/\/platform.twitter.com\/widgets.js\" charset=\"utf-8\"><\/script><\/p>\n","protected":false},"excerpt":{"rendered":"Leandro Andrade, extremo portugu\u00eas nascido em Tavira e internacional por Cabo Verde, entrou para a hist\u00f3ria do futebol&hellip;\n","protected":false},"author":2,"featured_media":124093,"comment_status":"","ping_status":"","sticky":false,"template":"","format":"standard","meta":{"footnotes":""},"categories":[87],"tags":[135,28632,7706,46,32,33,47,11703,3720,134,2697],"class_list":{"0":"post-124092","1":"post","2":"type-post","3":"status-publish","4":"format-standard","5":"has-post-thumbnail","7":"category-desporto","8":"tag-desporto","9":"tag-leandro-andrade","10":"tag-liga-campeoes","11":"tag-maisfutebol","12":"tag-portugal","13":"tag-pt","14":"tag-pura-paixao","15":"tag-qarabag","16":"tag-recorde","17":"tag-sports","18":"tag-uefa"},"share_on_mastodon":{"url":"https:\/\/pubeurope.com\/@pt\/115427298711202766","error":""},"_links":{"self":[{"href":"https:\/\/www.europesays.com\/pt\/wp-json\/wp\/v2\/posts\/124092","targetHints":{"allow":["GET"]}}],"collection":[{"href":"https:\/\/www.europesays.com\/pt\/wp-json\/wp\/v2\/posts"}],"about":[{"href":"https:\/\/www.europesays.com\/pt\/wp-json\/wp\/v2\/types\/post"}],"author":[{"embeddable":true,"href":"https:\/\/www.europesays.com\/pt\/wp-json\/wp\/v2\/users\/2"}],"replies":[{"embeddable":true,"href":"https:\/\/www.europesays.com\/pt\/wp-json\/wp\/v2\/comments?post=124092"}],"version-history":[{"count":0,"href":"https:\/\/www.europesays.com\/pt\/wp-json\/wp\/v2\/posts\/124092\/revisions"}],"wp:featuredmedia":[{"embeddable":true,"href":"https:\/\/www.europesays.com\/pt\/wp-json\/wp\/v2\/media\/124093"}],"wp:attachment":[{"href":"https:\/\/www.europesays.com\/pt\/wp-json\/wp\/v2\/media?parent=124092"}],"wp:term":[{"taxonomy":"category","embeddable":true,"href":"https:\/\/www.europesays.com\/pt\/wp-json\/wp\/v2\/categories?post=124092"},{"taxonomy":"post_tag","embeddable":true,"href":"https:\/\/www.europesays.com\/pt\/wp-json\/wp\/v2\/tags?post=124092"}],"curies":[{"name":"wp","href":"https:\/\/api.w.org\/{rel}","templated":true}]}}