{"id":124096,"date":"2025-10-24T04:46:17","date_gmt":"2025-10-24T04:46:17","guid":{"rendered":"https:\/\/www.europesays.com\/pt\/124096\/"},"modified":"2025-10-24T04:46:17","modified_gmt":"2025-10-24T04:46:17","slug":"um-milhao-de-pessoas-ja-viu-cancao-sobre-vera-claudia-esta-nas-bocas-de-todos","status":"publish","type":"post","link":"https:\/\/www.europesays.com\/pt\/124096\/","title":{"rendered":"Um milh\u00e3o de pessoas j\u00e1 viu: can\u00e7\u00e3o sobre Vera Cl\u00e1udia est\u00e1 nas bocas de todos!"},"content":{"rendered":"<p>Um milh\u00e3o no Instagram. Mais de 500 mil no TikTok. A cada hora que passa, o v\u00eddeo de Rafael Bail\u00e3o com uma par\u00f3dia ao momento em que <a href=\"https:\/\/selfie.iol.pt\/famosos\/secret-story-casa-dos-segredos-9\/vai-mesmo-querer-ver-monologo-viral-de-vera-claudia-e-recriado-na-voz-de-pumba-de-o-rei-leao\/20251023\/68fa67a7d34e58bc67973d46\" target=\"_blank\" rel=\"nofollow noopener\">Vera Cl\u00e1udia<\/a> desfere estalos em Dylan soma visualiza\u00e7\u00f5es.<\/p>\n<p>O cantor e influenciador digital, que participou em &#8220;<a href=\"https:\/\/tvi.iol.pt\/tvireality\/dilema\" target=\"_blank\" rel=\"nofollow noopener\">Dilema<\/a>&#8220;, lan\u00e7ou uma nova vers\u00e3o do tema de Victor Rodrigues &#8220;P\u00f5e a M\u00e3o Na Cabecinha&#8221;, na qual aborda o pol\u00e9mico caso que desencadeou a expuls\u00e3o de Vera Cl\u00e1udia da nona edi\u00e7\u00e3o de &#8220;Secret Story &#8211; Casa dos Segredos&#8221;.<\/p>\n<p>&#8220;Vou s\u00f3 deixar aqui esta par\u00f3dia. Interpretem como quiserem e por amor de Deus&#8230; N\u00e3o andem \u00e0 batatada, porque n\u00e3o vale a pena. At\u00e9 um dia, Vera Saramago&#8221;, escreveu Rafael Bail\u00e3o, na legenda de um v\u00eddeo, usando o nome pelo qual v\u00e1rios telespectadores do reality show da <a href=\"https:\/\/tvi.iol.pt\/\" target=\"_blank\" rel=\"nofollow noopener\">TVI<\/a> come\u00e7aram a chamar Vera Cl\u00e1udia, nas redes sociais, por causa de reflex\u00f5es feitas pela pr\u00f3pria na casa mais vigiada do Pa\u00eds &#8211; trata-se, naturalmente, de uma clara alus\u00e3o ao conceituado escritor Jos\u00e9 Saramago.<\/p>\n<p>Assista, agora, ao v\u00eddeo sobre a agress\u00e3o em &#8220;<a href=\"https:\/\/tvi.iol.pt\/secretstory\/\" target=\"_blank\" rel=\"nofollow noopener\">Secret Story<\/a> &#8211; Casa dos Segredos&#8221;. Veja, ainda, na galeria que prepar\u00e1mos para si, as melhores imagens de <a href=\"https:\/\/selfie.iol.pt\/famosos\/casa-dos-segredos-9\/secret-story-vera-tem-reacao-inesperada-que-envolve-expulsao-de-ines\/20251022\/68f8c753d34e58bc67972daa\" target=\"_blank\" rel=\"nofollow noopener\">Vera Cl\u00e1udia<\/a>.<\/p>\n<blockquote class=\"instagram-media\" data-instgrm-captioned=\"\" data-instgrm-permalink=\"https:\/\/www.instagram.com\/reel\/DQCpbMCCO6W\/?utm_source=ig_embed&amp;utm_campaign=loading\" data-instgrm-version=\"14\" style=\" background:#FFF; border:0; border-radius:3px; box-shadow:0 0 1px 0 rgba(0,0,0,0.5),0 1px 10px 0 rgba(0,0,0,0.15); margin: 1px; max-width:540px; min-width:326px; padding:0; width:99.375%; width:-webkit-calc(100% - 2px); width:calc(100% - 2px);\">\n<\/blockquote>\n<p>\u00a0<\/p>\n<p>                        <script async src=\"\/\/www.instagram.com\/embed.js\"><\/script><\/p>\n","protected":false},"excerpt":{"rendered":"Um milh\u00e3o no Instagram. Mais de 500 mil no TikTok. A cada hora que passa, o v\u00eddeo de&hellip;\n","protected":false},"author":2,"featured_media":124097,"comment_status":"","ping_status":"","sticky":false,"template":"","format":"standard","meta":{"footnotes":""},"categories":[145],"tags":[1710,2632,13471,211,210,4782,19105,21040,114,115,6309,980,1015,619,6587,28634,32,33,17904,1014,1315,6985,16687,16686,1012,6986,16688,162,11841,24887,28633],"class_list":{"0":"post-124096","1":"post","2":"type-post","3":"status-publish","4":"format-standard","5":"has-post-thumbnail","7":"category-celebridades","8":"tag-cantor","9":"tag-casa-dos-segredos","10":"tag-casa-dos-segredos-9","11":"tag-celebridades","12":"tag-celebrities","13":"tag-dilema","14":"tag-dylan","15":"tag-dylan-fonte","16":"tag-entertainment","17":"tag-entretenimento","18":"tag-ex-concorrente","19":"tag-famosos","20":"tag-instagram","21":"tag-nacional","22":"tag-parodia","23":"tag-poe-a-mao-na-cabecinha","24":"tag-portugal","25":"tag-pt","26":"tag-rafael-bailao","27":"tag-reality-show","28":"tag-secret-story","29":"tag-secret-story-casa-dos-segredos","30":"tag-secret-story-casa-dos-segredos-9","31":"tag-secret-story-9","32":"tag-selfie","33":"tag-ss","34":"tag-ss9","35":"tag-tvi","36":"tag-vera","37":"tag-vera-claudia","38":"tag-victor-rodrigues"},"share_on_mastodon":{"url":"https:\/\/pubeurope.com\/@pt\/115427330177502558","error":""},"_links":{"self":[{"href":"https:\/\/www.europesays.com\/pt\/wp-json\/wp\/v2\/posts\/124096","targetHints":{"allow":["GET"]}}],"collection":[{"href":"https:\/\/www.europesays.com\/pt\/wp-json\/wp\/v2\/posts"}],"about":[{"href":"https:\/\/www.europesays.com\/pt\/wp-json\/wp\/v2\/types\/post"}],"author":[{"embeddable":true,"href":"https:\/\/www.europesays.com\/pt\/wp-json\/wp\/v2\/users\/2"}],"replies":[{"embeddable":true,"href":"https:\/\/www.europesays.com\/pt\/wp-json\/wp\/v2\/comments?post=124096"}],"version-history":[{"count":0,"href":"https:\/\/www.europesays.com\/pt\/wp-json\/wp\/v2\/posts\/124096\/revisions"}],"wp:featuredmedia":[{"embeddable":true,"href":"https:\/\/www.europesays.com\/pt\/wp-json\/wp\/v2\/media\/124097"}],"wp:attachment":[{"href":"https:\/\/www.europesays.com\/pt\/wp-json\/wp\/v2\/media?parent=124096"}],"wp:term":[{"taxonomy":"category","embeddable":true,"href":"https:\/\/www.europesays.com\/pt\/wp-json\/wp\/v2\/categories?post=124096"},{"taxonomy":"post_tag","embeddable":true,"href":"https:\/\/www.europesays.com\/pt\/wp-json\/wp\/v2\/tags?post=124096"}],"curies":[{"name":"wp","href":"https:\/\/api.w.org\/{rel}","templated":true}]}}