{"id":124144,"date":"2025-10-24T06:12:21","date_gmt":"2025-10-24T06:12:21","guid":{"rendered":"https:\/\/www.europesays.com\/pt\/124144\/"},"modified":"2025-10-24T06:12:21","modified_gmt":"2025-10-24T06:12:21","slug":"ator-fernando-fecchio-morre-aos-45-anos","status":"publish","type":"post","link":"https:\/\/www.europesays.com\/pt\/124144\/","title":{"rendered":"Ator Fernando Fecchio morre aos 45 anos"},"content":{"rendered":"<p>O ator Fernando Fecchio morreu aos 45 anos nesta quinta-feira, 23. Ele era integrante do grupo teatral de com\u00e9dia Parlapat\u00f5es, que divulgou a not\u00edcia nas redes sociais.<\/p>\n<p>\u201cEstamos tristes. Perdemos Fernando Fecchio. Sempre \u00e9 de repente. Sempre \u00e9 no susto. E quando \u00e9 algu\u00e9m especialmente alegre, parece que fica mais dif\u00edcil. Perdemos um Parlapat\u00e3o que se jorrou e pulsou energia, dentro e fora de cena. Fecchio amado por toda trupe, bom de bagun\u00e7a e afiado na cena, fez uma legi\u00e3o de amigos e amigas\u201d, diz nota publicada no Instagram.<\/p>\n<p>A causa da morte n\u00e3o foi revelada.<\/p>\n<p>Nelson Baskerville, diretor que trabalhou com o ator em tr\u00eas espet\u00e1culos, tamb\u00e9m prestou uma homenagem ao colega. \u201cFoi um ator incr\u00edvel e topava tudo [&#8230;] V\u00e1 em paz, querido, estamos aqui para honr\u00e1-lo e repartir sua mem\u00f3ria nessa delicada arte t\u00e3o ef\u00eamera. Te amo.\u201d<\/p>\n<p><strong>Quem foi Fernando Fecchio<\/strong><\/p>\n<p>Nascido em S\u00e3o Paulo, Fernando Fecchio se tornou ator ap\u00f3s se formar no Teatro Escola C\u00e9lia Helena. Sua carreira come\u00e7ou em 1999, quando atuou na pe\u00e7a \u201cTe Amo Amaz\u00f4nia\u201d.<\/p>\n<p>Com Baskerville, trabalhou em tr\u00eas espet\u00e1culos: \u201cA Geladeira\u201d, \u201cCamino Real\u201d e \u201c17 X Nelson\u201d, inspirado na obra de Nelson Rodrigues.<\/p>\n<p>Al\u00e9m de atuar em pe\u00e7as teatrais, Fecchio ficou conhecido pela s\u00e9rie \u201cDescolados\u201d (2009), da MTV Brasil. Tamb\u00e9m atuou nos filmes \u201cA Com\u00e9dia Divina\u201d, \u201cSeja o que Deus Quiser\u201d e \u201cFucking Different S\u00e3o Paulo\u201d.<\/p>\n<p>*Estagi\u00e1ria sob supervis\u00e3o de Charlise Morais<\/p>\n<p>Veja Tamb\u00e9m<\/p>\n","protected":false},"excerpt":{"rendered":"O ator Fernando Fecchio morreu aos 45 anos nesta quinta-feira, 23. Ele era integrante do grupo teatral de&hellip;\n","protected":false},"author":2,"featured_media":124145,"comment_status":"","ping_status":"","sticky":false,"template":"","format":"standard","meta":{"footnotes":""},"categories":[145],"tags":[3428,211,210,114,115,28648,1437,32,33],"class_list":{"0":"post-124144","1":"post","2":"type-post","3":"status-publish","4":"format-standard","5":"has-post-thumbnail","7":"category-celebridades","8":"tag-arte-agenda","9":"tag-celebridades","10":"tag-celebrities","11":"tag-entertainment","12":"tag-entretenimento","13":"tag-fernando-fecchio","14":"tag-morte","15":"tag-portugal","16":"tag-pt"},"share_on_mastodon":{"url":"https:\/\/pubeurope.com\/@pt\/115427668282314313","error":""},"_links":{"self":[{"href":"https:\/\/www.europesays.com\/pt\/wp-json\/wp\/v2\/posts\/124144","targetHints":{"allow":["GET"]}}],"collection":[{"href":"https:\/\/www.europesays.com\/pt\/wp-json\/wp\/v2\/posts"}],"about":[{"href":"https:\/\/www.europesays.com\/pt\/wp-json\/wp\/v2\/types\/post"}],"author":[{"embeddable":true,"href":"https:\/\/www.europesays.com\/pt\/wp-json\/wp\/v2\/users\/2"}],"replies":[{"embeddable":true,"href":"https:\/\/www.europesays.com\/pt\/wp-json\/wp\/v2\/comments?post=124144"}],"version-history":[{"count":0,"href":"https:\/\/www.europesays.com\/pt\/wp-json\/wp\/v2\/posts\/124144\/revisions"}],"wp:featuredmedia":[{"embeddable":true,"href":"https:\/\/www.europesays.com\/pt\/wp-json\/wp\/v2\/media\/124145"}],"wp:attachment":[{"href":"https:\/\/www.europesays.com\/pt\/wp-json\/wp\/v2\/media?parent=124144"}],"wp:term":[{"taxonomy":"category","embeddable":true,"href":"https:\/\/www.europesays.com\/pt\/wp-json\/wp\/v2\/categories?post=124144"},{"taxonomy":"post_tag","embeddable":true,"href":"https:\/\/www.europesays.com\/pt\/wp-json\/wp\/v2\/tags?post=124144"}],"curies":[{"name":"wp","href":"https:\/\/api.w.org\/{rel}","templated":true}]}}