{"id":124212,"date":"2025-10-24T07:49:08","date_gmt":"2025-10-24T07:49:08","guid":{"rendered":"https:\/\/www.europesays.com\/pt\/124212\/"},"modified":"2025-10-24T07:49:08","modified_gmt":"2025-10-24T07:49:08","slug":"trump-suspende-negociacoes-com-o-canada-apos-anuncio-televisivo-anti-tarifas-america-do-norte","status":"publish","type":"post","link":"https:\/\/www.europesays.com\/pt\/124212\/","title":{"rendered":"Trump suspende negocia\u00e7\u00f5es com o Canad\u00e1 ap\u00f3s an\u00fancio televisivo anti-tarifas | Am\u00e9rica do Norte"},"content":{"rendered":"<p>O Presidente dos Estados Unidos, <a href=\"http:\/\/www.publico.pt\/donald-trump\" rel=\"nofollow noopener\" target=\"_blank\">Donald Trump<\/a>, anunciou na madrugada de sexta-feira que todas as negocia\u00e7\u00f5es sobre novos acordos comerciais com o Canad\u00e1 foram encerradas na sequ\u00eancia do que qualificou como um an\u00fancio &#8220;fraudulento&#8221; no qual o ex-Presidente norte-americano Ronald Reagan \u00e9 citado a criticar o recurso a taxas aduaneiras (ou tarifas, na linguagem corrente).<\/p>\n<p>Trump imp\u00f4s tarifas sobre o a\u00e7o, alum\u00ednio e autom\u00f3veis canadianos no in\u00edcio deste ano, levando Otava a responder na mesma moeda. Os dois lados estavam em conversa\u00e7\u00f5es h\u00e1 semanas sobre um potencial acordo para os sectores do a\u00e7o e do alum\u00ednio.<\/p>\n<p>&#8220;Com base no seu comportamento flagrante, TODAS AS NEGOCIA\u00c7\u00d5ES COMERCIAIS COM O CANAD\u00c1 EST\u00c3O POR ESTE MEIO TERMINADAS&#8221;, escreveu Trump na sua rede social, a Truth Social.<\/p>\n<p>Em causa est\u00e1 um an\u00fancio televisivo, com uma mensagem anti-tarifas, pago pelo governo da prov\u00edncia canadiana de Ont\u00e1rio, liderado por Doug Ford. O an\u00fancio mostra Reagan, o falecido Presidente republicano, a criticar as tarifas sobre bens estrangeiros, dizendo que estas causavam perda de empregos e guerras comerciais.<\/p>\n<p>&#8220;Ouvi dizer que o Presidente ouviu o nosso an\u00fancio. Tenho a certeza de que n\u00e3o ficou muito feliz&#8221;, disse Ford na ter\u00e7a-feira.<\/p>\n<p>A Funda\u00e7\u00e3o Presidencial Ronald Reagan emitiu um comunicado na noite de quinta-feira, dizendo que o an\u00fancio do governo de Ont\u00e1rio estava a &#8220;usar selectivamente \u00e1udio e v\u00eddeo&#8221; de Reagan e que a funda\u00e7\u00e3o estava a ponderar uma ac\u00e7\u00e3o legal.<\/p>\n<p>&#8220;O an\u00fancio deturpa o discurso presidencial na r\u00e1dio (de Reagan em 1987), e o governo do Ont\u00e1rio n\u00e3o pediu nem recebeu permiss\u00e3o para usar e editar as declara\u00e7\u00f5es&#8221; do antigo Presidente, afirmou a funda\u00e7\u00e3o no seu comunicado.<\/p>\n<p>O Governo federal canadiano ainda n\u00e3o reagiu \u00e0 pol\u00e9mica, nem ao an\u00fancio da suspens\u00e3o das negocia\u00e7\u00f5es. No entanto, e na quinta-feira, o primeiro-ministro canadiano, Mark Carney, disse aos jornalistas que o <a href=\"http:\/\/www.publico.pt\/canada\" rel=\"nofollow noopener\" target=\"_blank\">Canad\u00e1<\/a> n\u00e3o permitir que os EUA acedam de forma injusta aos seus mercados se as conversa\u00e7\u00f5es sobre v\u00e1rios os acordos comerciais em discuss\u00e3o com Washington falharem.<\/p>\n","protected":false},"excerpt":{"rendered":"O Presidente dos Estados Unidos, Donald Trump, anunciou na madrugada de sexta-feira que todas as negocia\u00e7\u00f5es sobre novos&hellip;\n","protected":false},"author":2,"featured_media":124213,"comment_status":"","ping_status":"","sticky":false,"template":"","format":"standard","meta":{"footnotes":""},"categories":[50],"tags":[993,7809,27,28,2965,3398,92,476,413,15,16,14,25,26,21,22,62,12,13,19,20,23,24,28656,17,18,29,30,31,63,64,65],"class_list":{"0":"post-124212","1":"post","2":"type-post","3":"status-publish","4":"format-standard","5":"has-post-thumbnail","7":"category-mundo","8":"tag-america","9":"tag-america-do-norte","10":"tag-breaking-news","11":"tag-breakingnews","12":"tag-canada","13":"tag-comercio","14":"tag-donald-trump","15":"tag-economia","16":"tag-eua","17":"tag-featured-news","18":"tag-featurednews","19":"tag-headlines","20":"tag-latest-news","21":"tag-latestnews","22":"tag-main-news","23":"tag-mainnews","24":"tag-mundo","25":"tag-news","26":"tag-noticias","27":"tag-noticias-principais","28":"tag-noticiasprincipais","29":"tag-principais-noticias","30":"tag-principaisnoticias","31":"tag-ronald-reagan","32":"tag-top-stories","33":"tag-topstories","34":"tag-ultimas","35":"tag-ultimas-noticias","36":"tag-ultimasnoticias","37":"tag-world","38":"tag-world-news","39":"tag-worldnews"},"share_on_mastodon":{"url":"","error":"Validation failed: Text character limit of 500 exceeded"},"_links":{"self":[{"href":"https:\/\/www.europesays.com\/pt\/wp-json\/wp\/v2\/posts\/124212","targetHints":{"allow":["GET"]}}],"collection":[{"href":"https:\/\/www.europesays.com\/pt\/wp-json\/wp\/v2\/posts"}],"about":[{"href":"https:\/\/www.europesays.com\/pt\/wp-json\/wp\/v2\/types\/post"}],"author":[{"embeddable":true,"href":"https:\/\/www.europesays.com\/pt\/wp-json\/wp\/v2\/users\/2"}],"replies":[{"embeddable":true,"href":"https:\/\/www.europesays.com\/pt\/wp-json\/wp\/v2\/comments?post=124212"}],"version-history":[{"count":0,"href":"https:\/\/www.europesays.com\/pt\/wp-json\/wp\/v2\/posts\/124212\/revisions"}],"wp:featuredmedia":[{"embeddable":true,"href":"https:\/\/www.europesays.com\/pt\/wp-json\/wp\/v2\/media\/124213"}],"wp:attachment":[{"href":"https:\/\/www.europesays.com\/pt\/wp-json\/wp\/v2\/media?parent=124212"}],"wp:term":[{"taxonomy":"category","embeddable":true,"href":"https:\/\/www.europesays.com\/pt\/wp-json\/wp\/v2\/categories?post=124212"},{"taxonomy":"post_tag","embeddable":true,"href":"https:\/\/www.europesays.com\/pt\/wp-json\/wp\/v2\/tags?post=124212"}],"curies":[{"name":"wp","href":"https:\/\/api.w.org\/{rel}","templated":true}]}}