{"id":124214,"date":"2025-10-24T07:51:25","date_gmt":"2025-10-24T07:51:25","guid":{"rendered":"https:\/\/www.europesays.com\/pt\/124214\/"},"modified":"2025-10-24T07:51:25","modified_gmt":"2025-10-24T07:51:25","slug":"acidente-de-helicoptero-mata-parentes-de-candidato-no-illinois","status":"publish","type":"post","link":"https:\/\/www.europesays.com\/pt\/124214\/","title":{"rendered":"Acidente de Helic\u00f3ptero Mata Parentes de Candidato no Illinois"},"content":{"rendered":"\n<p>O Conselho de Seguran\u00e7a nos Transportes norte-americano anunciou a abertura de uma investiga\u00e7\u00e3o ao acidente, ocorrido ao in\u00edcio da noite de quarta-feira perto da cidade de Ekalaka, no leste do estado de Montana, na zona oeste dos Estados Unidos. <\/p>\n<p>As autoridades locais indicaram que o helic\u00f3ptero caiu numa zona rural a sudoeste da cidade.<\/p>\n<p>Darren Bailey est\u00e1 a tentar novamente a nomea\u00e7\u00e3o republicana para as elei\u00e7\u00f5es de 2026, ap\u00f3s ter perdido em 2022 para o atual governador, o democrata JB Pritzker.<\/p>\n<p>Ex-agricultor e ex-congressista estadual, cumpriu mandatos na C\u00e2mara e no Senado do Illinois antes de concorrer ao cargo de governador.<\/p>\n<p>A presidente do Partido Republicano do Illinois, Kathy Salvi, lamentou a trag\u00e9dia e expressou solidariedade \u00e0 fam\u00edlia. &#8220;O partido est\u00e1 de luto por esta perda devastadora. Juntem-se a n\u00f3s para manter a fam\u00edlia Bailey nos nossos pensamentos e ora\u00e7\u00f5es neste momento inimagin\u00e1vel&#8221;, afirmou em comunicado.<\/p>\n","protected":false},"excerpt":{"rendered":"O Conselho de Seguran\u00e7a nos Transportes norte-americano anunciou a abertura de uma investiga\u00e7\u00e3o ao acidente, ocorrido ao in\u00edcio&hellip;\n","protected":false},"author":2,"featured_media":124215,"comment_status":"","ping_status":"","sticky":false,"template":"","format":"standard","meta":{"footnotes":""},"categories":[8],"tags":[59,27,28,28657,235,15,16,14,25795,25,26,21,22,12,13,19,20,32,23,24,33,17,18,29,30,31],"class_list":{"0":"post-124214","1":"post","2":"type-post","3":"status-publish","4":"format-standard","5":"has-post-thumbnail","7":"category-principais-noticias","8":"tag-acidente","9":"tag-breaking-news","10":"tag-breakingnews","11":"tag-darren-bailey","12":"tag-estados-unidos","13":"tag-featured-news","14":"tag-featurednews","15":"tag-headlines","16":"tag-helicoptero","17":"tag-latest-news","18":"tag-latestnews","19":"tag-main-news","20":"tag-mainnews","21":"tag-news","22":"tag-noticias","23":"tag-noticias-principais","24":"tag-noticiasprincipais","25":"tag-portugal","26":"tag-principais-noticias","27":"tag-principaisnoticias","28":"tag-pt","29":"tag-top-stories","30":"tag-topstories","31":"tag-ultimas","32":"tag-ultimas-noticias","33":"tag-ultimasnoticias"},"share_on_mastodon":{"url":"https:\/\/pubeurope.com\/@pt\/115428058047344751","error":""},"_links":{"self":[{"href":"https:\/\/www.europesays.com\/pt\/wp-json\/wp\/v2\/posts\/124214","targetHints":{"allow":["GET"]}}],"collection":[{"href":"https:\/\/www.europesays.com\/pt\/wp-json\/wp\/v2\/posts"}],"about":[{"href":"https:\/\/www.europesays.com\/pt\/wp-json\/wp\/v2\/types\/post"}],"author":[{"embeddable":true,"href":"https:\/\/www.europesays.com\/pt\/wp-json\/wp\/v2\/users\/2"}],"replies":[{"embeddable":true,"href":"https:\/\/www.europesays.com\/pt\/wp-json\/wp\/v2\/comments?post=124214"}],"version-history":[{"count":0,"href":"https:\/\/www.europesays.com\/pt\/wp-json\/wp\/v2\/posts\/124214\/revisions"}],"wp:featuredmedia":[{"embeddable":true,"href":"https:\/\/www.europesays.com\/pt\/wp-json\/wp\/v2\/media\/124215"}],"wp:attachment":[{"href":"https:\/\/www.europesays.com\/pt\/wp-json\/wp\/v2\/media?parent=124214"}],"wp:term":[{"taxonomy":"category","embeddable":true,"href":"https:\/\/www.europesays.com\/pt\/wp-json\/wp\/v2\/categories?post=124214"},{"taxonomy":"post_tag","embeddable":true,"href":"https:\/\/www.europesays.com\/pt\/wp-json\/wp\/v2\/tags?post=124214"}],"curies":[{"name":"wp","href":"https:\/\/api.w.org\/{rel}","templated":true}]}}