{"id":124257,"date":"2025-10-24T08:34:10","date_gmt":"2025-10-24T08:34:10","guid":{"rendered":"https:\/\/www.europesays.com\/pt\/124257\/"},"modified":"2025-10-24T08:34:10","modified_gmt":"2025-10-24T08:34:10","slug":"video-aos-16-anos-cardoso-varela-ja-e-decisivo-no-dinamo-zagreb","status":"publish","type":"post","link":"https:\/\/www.europesays.com\/pt\/124257\/","title":{"rendered":"V\u00cdDEO: aos 16 anos, Cardoso Varela j\u00e1 \u00e9 decisivo no D\u00ednamo Zagreb"},"content":{"rendered":"<p style=\"margin-bottom:11px\">Depois de tantas pol\u00e9micas, Cardoso Varela come\u00e7a a ser not\u00edcia por boas raz\u00f5es. O internacional sub-17 portugu\u00eas salvou o D\u00ednamo Zagreb da derrota frente ao Malmo (1-1), na Liga Europa, com um golo ao minuto 90+6, tornando-se no s\u00e9timo jogador, neste s\u00e9culo, a marcar nas competi\u00e7\u00f5es europeias com apenas 16 anos.<\/p>\n<p>O jovem avan\u00e7ado formado no FC Porto, clube que deixou em lit\u00edgio h\u00e1 um ano para se mudar para a Cro\u00e1cia, igualou um feito que apenas Jorthy Mokio (Ajax), Romelu Lukaku (Anderlecht), Michael Noonan (Shamrock Rovers), Steven Zuber (Grasshoppers), Serafimovski (Vardar) e Iker Munian (Athletic Bilbao) haviam conseguido a partir do ano 2000.<\/p>\n<p>Varela fixou o empate ao empurrar, em cima da linha de baliza, uma bola rematada pelo companheiro de equipa Monsef Bakrar.<\/p>\n<p>Curiosamente, o golo do Malmo tamb\u00e9m surgiu no tempo de compensa\u00e7\u00e3o, mas da primeira parte, apontado por Oscar Lewicki, na sequ\u00eancia de um pontap\u00e9 de canto.<\/p>\n<p>O D\u00ednamo Zagreb chegou aos sete pontos na fase regular da Liga Europa, na qual ocupa o quarto lugar, enquanto o Malmo (31.\u00ba) somou o primeiro ponto na prova.<\/p>\n<p><strong>J\u00e1 segue o\u00a0<a href=\"http:\/\/whatsapp.com\/channel\/0029Va9lGKPGOj9nW79Pd117\" title=\"http:\/\/whatsapp.com\/channel\/0029Va9lGKPGOj9nW79Pd117\" rel=\"nofollow noopener\" target=\"_blank\">canal de Whatsapp do Maisfutebol<\/a>?<\/strong><\/p>\n","protected":false},"excerpt":{"rendered":"Depois de tantas pol\u00e9micas, Cardoso Varela come\u00e7a a ser not\u00edcia por boas raz\u00f5es. O internacional sub-17 portugu\u00eas salvou&hellip;\n","protected":false},"author":2,"featured_media":124258,"comment_status":"","ping_status":"","sticky":false,"template":"","format":"standard","meta":{"footnotes":""},"categories":[87],"tags":[19748,135,19749,282,82,137,1356,46,27894,32,33,47,134],"class_list":{"0":"post-124257","1":"post","2":"type-post","3":"status-publish","4":"format-standard","5":"has-post-thumbnail","7":"category-desporto","8":"tag-cardoso-varela","9":"tag-desporto","10":"tag-dinamo-zagreb","11":"tag-fc-porto","12":"tag-internacional","13":"tag-liga-europa","14":"tag-mais-futebol","15":"tag-maisfutebol","16":"tag-malmo","17":"tag-portugal","18":"tag-pt","19":"tag-pura-paixao","20":"tag-sports"},"share_on_mastodon":{"url":"https:\/\/pubeurope.com\/@pt\/115428226853747095","error":""},"_links":{"self":[{"href":"https:\/\/www.europesays.com\/pt\/wp-json\/wp\/v2\/posts\/124257","targetHints":{"allow":["GET"]}}],"collection":[{"href":"https:\/\/www.europesays.com\/pt\/wp-json\/wp\/v2\/posts"}],"about":[{"href":"https:\/\/www.europesays.com\/pt\/wp-json\/wp\/v2\/types\/post"}],"author":[{"embeddable":true,"href":"https:\/\/www.europesays.com\/pt\/wp-json\/wp\/v2\/users\/2"}],"replies":[{"embeddable":true,"href":"https:\/\/www.europesays.com\/pt\/wp-json\/wp\/v2\/comments?post=124257"}],"version-history":[{"count":0,"href":"https:\/\/www.europesays.com\/pt\/wp-json\/wp\/v2\/posts\/124257\/revisions"}],"wp:featuredmedia":[{"embeddable":true,"href":"https:\/\/www.europesays.com\/pt\/wp-json\/wp\/v2\/media\/124258"}],"wp:attachment":[{"href":"https:\/\/www.europesays.com\/pt\/wp-json\/wp\/v2\/media?parent=124257"}],"wp:term":[{"taxonomy":"category","embeddable":true,"href":"https:\/\/www.europesays.com\/pt\/wp-json\/wp\/v2\/categories?post=124257"},{"taxonomy":"post_tag","embeddable":true,"href":"https:\/\/www.europesays.com\/pt\/wp-json\/wp\/v2\/tags?post=124257"}],"curies":[{"name":"wp","href":"https:\/\/api.w.org\/{rel}","templated":true}]}}