{"id":124270,"date":"2025-10-24T08:48:22","date_gmt":"2025-10-24T08:48:22","guid":{"rendered":"https:\/\/www.europesays.com\/pt\/124270\/"},"modified":"2025-10-24T08:48:22","modified_gmt":"2025-10-24T08:48:22","slug":"bagda-invade-mansao-josefa-da-o-alerta-e-arminda-chama-de-delirio","status":"publish","type":"post","link":"https:\/\/www.europesays.com\/pt\/124270\/","title":{"rendered":"Bagd\u00e1 invade mans\u00e3o, Josefa d\u00e1 o alerta e Arminda chama de del\u00edrio"},"content":{"rendered":"<p>Nos pr\u00f3ximos cap\u00edtulos de Tr\u00eas Gra\u00e7as, Bagd\u00e1 (Xam\u00e3) invade a mans\u00e3o de Arminda (Grazi Massafera) atr\u00e1s de Raul (Paulo Mendes), para cobrar uma d\u00edvida. Josefa (Arlete Salles) sente a presen\u00e7a do bandido e avisa a filha, mas a vil\u00e3 pensa ser mais um del\u00edrio de sua m\u00e3e e a ignora.<\/p>\n<p><a href=\"https:\/\/natelinha.uol.com.br\/novelas\/2025\/10\/21\/tres-gracas-joelly-e-abandonada-em-ato-cruel-de-raul-e-ganha-profecia-de-gerluce-232897.php\" rel=\"nofollow noopener\" target=\"_blank\">O namorado de Jo\u00e9lly<\/a> (Alana Cabral) deve ao chefe da fac\u00e7\u00e3o da comunidade da Chacrinha. O chefe do tr\u00e1fico deu um prazo para o playboy lhe pagar, mas como o rapaz n\u00e3o apareceu, o bandido vai pression\u00e1-lo.<\/p>\n<p><a href=\"https:\/\/natelinha.uol.com.br\/novelas\/tres-gracas\/personagem\/bagda\" rel=\"nofollow noopener\" target=\"_blank\">Bagd\u00e1<\/a> consegue invadir a mans\u00e3o e <a href=\"https:\/\/natelinha.uol.com.br\/novelas\/2025\/10\/21\/tres-gracas-gerluce-destroi-estatua-que-vale-milhoes-232844.php\" rel=\"nofollow noopener\" target=\"_blank\">d\u00e1 de cara com a est\u00e1tua das 3Gra\u00e7as,<\/a> que fica em um c\u00f4modo da casa, mas seu interesse ser\u00e1 falar com Raul. O playboy leva um susto ao dar de cara com o traficante em seu quarto.<\/p>\n<p>continua depois da publicidade<\/p>\n<p>Durante a prensa, o chefe do tr\u00e1fico d\u00e1 mais um prazo para o filho de <a href=\"https:\/\/natelinha.uol.com.br\/novelas\/tres-gracas\/personagem\/arminda\" rel=\"nofollow noopener\" target=\"_blank\">Arminda<\/a> pagar a d\u00edvida, mas leva o rel\u00f3gio que ele ganhou do pai, Rog\u00e9rio (Eduardo Moscovis), como garantia. <a href=\"https:\/\/natelinha.uol.com.br\/novelas\/tres-gracas\/personagem\/josefa\" rel=\"nofollow noopener\" target=\"_blank\">Josefa<\/a> escuta a presen\u00e7a do estranho e alerta a filha, mas a vil\u00e3 pensa ser del\u00edrio e n\u00e3o d\u00e1 aten\u00e7\u00e3o para a idosa. Saiba mais!<\/p>\n<p>Em Tr\u00eas Gra\u00e7as, Josefa sente a presen\u00e7a de Bagd\u00e1<\/p>\n<p><img decoding=\"async\" loading=\"lazy\" class=\"horizontal\" src=\"https:\/\/www.europesays.com\/pt\/wp-content\/uploads\/2025\/10\/tv-globo-tres-gracas-josefa-alerta-sobre-invasao_1419.jpeg\" width=\"1280\" height=\"719\" alt=\"Tr\u00eas Gra\u00e7as: Bagd\u00e1 invade mans\u00e3o, Josefa d\u00e1 o alerta e Arminda chama de del\u00edrio\"\/><\/p>\n<p>Nos pr\u00f3ximos cap\u00edtulos de <a href=\"https:\/\/natelinha.uol.com.br\/novelas\/tres-gracas\" rel=\"nofollow noopener\" target=\"_blank\">Tr\u00eas Gra\u00e7as<\/a>, Bagd\u00e1 invade a mans\u00e3o de Arminda atr\u00e1s de Raul, v\u00ea a est\u00e1tua que, al\u00e9m de valer milh\u00f5es, serve de esconderijo para o dinheiro desviado do esquema de medicamentos falsos comandados por Ferette (Murilo Ben\u00edcio) e passa direto por ela.<\/p>\n<p>continua depois da publicidade<\/p>\n<p>Chefe da fac\u00e7\u00e3o que comanda o tr\u00e1fico dentro da comunidade da Chacrinha, o bandido est\u00e1 atr\u00e1s de Raul para cobrar uma d\u00edvida. O filho de Arminda ser\u00e1 surpreendido pela presen\u00e7a do traficante em seu quarto e treme de medo.<\/p>\n<p><a href=\"https:\/\/natelinha.uol.com.br\/novelas\/2025\/10\/22\/tres-gracas-fantasmas-voltam-para-assombrar-ferette-entenda--232882.php\" rel=\"nofollow noopener\" target=\"_blank\">+\u00a0Tr\u00eas Gra\u00e7as: Fantasmas voltam para assombrar Ferette; entenda<\/a><\/p>\n<p>Sem que ningu\u00e9m perceba, Bagd\u00e1 consegue entrar na casa e explorar alguns ambientes, at\u00e9 dar de cara com as 3Gra\u00e7as, mantida escondida em um quarto. Por\u00e9m, apesar do tamanho da est\u00e1tua, nada ali chama a sua aten\u00e7\u00e3o,<\/p>\n<p>Nem passa pela cabe\u00e7a do criminoso que a obra de arte vale US$ 1,5 milh\u00e3o, muito menos que ela \u00e9 usada para esconder o dinheiro desviado pela Funda\u00e7\u00e3o Ferette para o fornecimento de medicamentos oferecidos \u00e0 comunidade.<\/p>\n<p>continua depois da publicidade<\/p>\n<p>Bagd\u00e1 est\u00e1 atr\u00e1s de Raul, que estar\u00e1 em seu quarto quando for surpreendido pela chegada do traficante. &#8220;Eu podia mandar meu pessoal fazer a limpeza aqui na tua casa, arrecadar tudo de valor e levar comigo. Mas n\u00e3o sou ladr\u00e3o, sou comerciante. Voc\u00ea comprou da minha mercadoria e me deve&#8221;, dir\u00e1 o traficante.<\/p>\n<p><a href=\"https:\/\/natelinha.uol.com.br\/novelas\/2025\/10\/22\/tres-gracas-ferette-expoe-crime-sem-querer-em-conversa-com-a-esposa-232880.php\" rel=\"nofollow noopener\" target=\"_blank\">+\u00a0Tr\u00eas Gra\u00e7as: Ferette exp\u00f5e crime sem querer em conversa com a esposa<\/a><\/p>\n<blockquote>\n<p class=\"cit\">&#8220;Eu lhe dei um prazo pra fazer o pagamento, voc\u00ea sumiu e nunca mais deu not\u00edcias. Ent\u00e3o, fica o aviso, que eu fiz quest\u00e3o de vir lhe entregar pessoalmente&#8221;, dispara o bandido.<\/p>\n<\/blockquote>\n<p>Bagd\u00e1 d\u00e1 uma semana para o namorado de Jo\u00e9lly quitar a d\u00edvida com ele. Como garantia, ele leva o rel\u00f3gio que Raul ganhou do pai, Rog\u00e9rio, desaparecido em um acidente de lancha.<\/p>\n<p>Em casa na hora da invas\u00e3o, Josefa escuta uma movimenta\u00e7\u00e3o estranha no quarto do neto e come\u00e7a a gritar, chanado por Arminda. Furiosa, a vil\u00e3 chega a ir ver o que est\u00e1 acontecendo, e cogita a possibilidade de ligar para Ferette (Murilo Ben\u00edcio), mas pensa ser mais um dos del\u00edrios da idosa e desiste da ideia.<\/p>\n<p>continua depois da publicidade<\/p>\n<p>A cena est\u00e1 prevista para ir ao ar no cap\u00edtulo do dia 25 de outubro.\u00a0<\/p>\n<p>O\u00a0<strong>NaTelinha<\/strong>\u00a0divulga todos os dias os resumos dos cap\u00edtulos, detalhes dos personagens, entrevistas exclusivas com o elenco e spoilers da novela Tr\u00eas Gra\u00e7as.\u00a0<a href=\"https:\/\/natelinha.uol.com.br\/novelas\" rel=\"nofollow noopener\" target=\"_blank\">Confira!<\/a>\u00a0<\/p>\n<p><strong>Confira a abertura de Tr\u00eas Gra\u00e7as:\u00a0<\/strong><\/p>\n<p>                                <img decoding=\"async\" loading=\"lazy\" class=\"horizontal\" alt=\"Imagem da thumbnail do v\u00eddeo!\" src=\"https:\/\/www.europesays.com\/pt\/wp-content\/uploads\/2025\/10\/1761295702_715_hqdefault.jpg\"\/><\/p>\n","protected":false},"excerpt":{"rendered":"Nos pr\u00f3ximos cap\u00edtulos de Tr\u00eas Gra\u00e7as, Bagd\u00e1 (Xam\u00e3) invade a mans\u00e3o de Arminda (Grazi Massafera) atr\u00e1s de Raul&hellip;\n","protected":false},"author":2,"featured_media":124271,"comment_status":"","ping_status":"","sticky":false,"template":"","format":"standard","meta":{"footnotes":""},"categories":[144],"tags":[28671,207,205,206,203,201,202,28669,204,114,115,28668,32,33,28670,4376],"class_list":{"0":"post-124270","1":"post","2":"type-post","3":"status-publish","4":"format-standard","5":"has-post-thumbnail","7":"category-arte-e-design","8":"tag-arminda-tres-gracas","9":"tag-arte","10":"tag-arte-e-design","11":"tag-artedesign","12":"tag-arts","13":"tag-arts-and-design","14":"tag-artsanddesign","15":"tag-bagda-tres-gracas","16":"tag-design","17":"tag-entertainment","18":"tag-entretenimento","19":"tag-josefa-tres-gracas","20":"tag-portugal","21":"tag-pt","22":"tag-raul-tres-gracas","23":"tag-tres-gracas"},"share_on_mastodon":{"url":"https:\/\/pubeurope.com\/@pt\/115428282197906162","error":""},"_links":{"self":[{"href":"https:\/\/www.europesays.com\/pt\/wp-json\/wp\/v2\/posts\/124270","targetHints":{"allow":["GET"]}}],"collection":[{"href":"https:\/\/www.europesays.com\/pt\/wp-json\/wp\/v2\/posts"}],"about":[{"href":"https:\/\/www.europesays.com\/pt\/wp-json\/wp\/v2\/types\/post"}],"author":[{"embeddable":true,"href":"https:\/\/www.europesays.com\/pt\/wp-json\/wp\/v2\/users\/2"}],"replies":[{"embeddable":true,"href":"https:\/\/www.europesays.com\/pt\/wp-json\/wp\/v2\/comments?post=124270"}],"version-history":[{"count":0,"href":"https:\/\/www.europesays.com\/pt\/wp-json\/wp\/v2\/posts\/124270\/revisions"}],"wp:featuredmedia":[{"embeddable":true,"href":"https:\/\/www.europesays.com\/pt\/wp-json\/wp\/v2\/media\/124271"}],"wp:attachment":[{"href":"https:\/\/www.europesays.com\/pt\/wp-json\/wp\/v2\/media?parent=124270"}],"wp:term":[{"taxonomy":"category","embeddable":true,"href":"https:\/\/www.europesays.com\/pt\/wp-json\/wp\/v2\/categories?post=124270"},{"taxonomy":"post_tag","embeddable":true,"href":"https:\/\/www.europesays.com\/pt\/wp-json\/wp\/v2\/tags?post=124270"}],"curies":[{"name":"wp","href":"https:\/\/api.w.org\/{rel}","templated":true}]}}