{"id":124286,"date":"2025-10-24T09:01:11","date_gmt":"2025-10-24T09:01:11","guid":{"rendered":"https:\/\/www.europesays.com\/pt\/124286\/"},"modified":"2025-10-24T09:01:11","modified_gmt":"2025-10-24T09:01:11","slug":"cristina-ferreira-apoiada-pela-sogra-e-pelo-filho","status":"publish","type":"post","link":"https:\/\/www.europesays.com\/pt\/124286\/","title":{"rendered":"Cristina Ferreira &#8211; Apoiada pela &#8220;sogra&#8221; e pelo filho"},"content":{"rendered":"<p>Desde a estreia da atual <strong>Casa dos Segredos<\/strong>, que aconteceu a 14 de setembro, que <strong>Cristina Ferreira <\/strong>tem o seu tempo livre bem mais limitado.<\/p>\n<p>do que \u00e9 costume. Ainda assim, a comunicadora, que acumula a condu\u00e7\u00e3o desse reality show da <strong>TVI <\/strong>com a do <strong>Dois \u00e0s 10<\/strong>, o matutino do mesmo canal, aproveitou o passado fim de semana para uma breve escapadinha ao Porto. Aqui, assistiu \u00e0 apresenta\u00e7\u00e3o da linha <strong>Spaccio by Cristina<\/strong>, uma cole\u00e7\u00e3o de roupa assinada por si. A seu lado, contou com a companhia de<strong> Jo\u00e3o Monteiro<\/strong>, natural dessa cidade. Mas n\u00e3o s\u00f3.<\/p>\n<p>Quem tamb\u00e9m esteve neste showroom foi <strong>Maria Adriana Faria<\/strong>. A &#8220;sogra&#8221;\u00a0da diretora de Entretenimento e Fic\u00e7\u00e3o do canal de Queluz de Baixo vive na Invicta e fez quest\u00e3o de se sentar perto do filho para assistir ao desfile que deu a conhecer as novidades da marca portuguesa. Quem tamb\u00e9m l\u00e1 esteve, sabe a<strong> NOVA GENTE<\/strong>, foi o filho da apresentadora, <strong>Tiago<\/strong>, nascido da sua anterior rela\u00e7\u00e3o com <strong>Ant\u00f3nio Casinhas<\/strong>.<\/p>\n<p><strong>Leia esta mat\u00e9ria na \u00edntegra na sua NOVA GENTE desta semana. J\u00e1 nas bancas.<\/strong><\/p>\n<p><img decoding=\"async\" alt=\"\" src=\"https:\/\/www.europesays.com\/pt\/wp-content\/uploads\/2025\/10\/1.55382-e1761142177529.jpg\" style=\"width: 350px; height: 451px;\"\/><\/p>\n<p>Texto: Ana Filipe Silveira; Fotos: Redes sociais<\/p>\n<p class=\"intagram-text\">Siga a Nova Gente no Instagram<\/p>\n<p>                        <a href=\"https:\/\/www.instagram.com\/revistanovagente\/\" target=\"_blank\" aria-label=\"instagram\" rel=\"noopener nofollow\"><img decoding=\"async\" style=\"display: block; margin-left: auto; margin-right: auto; width: 250px; height: 83px;\" src=\"https:\/\/www.europesays.com\/pt\/wp-content\/uploads\/2025\/10\/Instagram_NG.png\" alt=\"instagram\"\/><\/a><br \/>\n                    <script async src=\"\/\/www.instagram.com\/embed.js\"><\/script><\/p>\n","protected":false},"excerpt":{"rendered":"Desde a estreia da atual Casa dos Segredos, que aconteceu a 14 de setembro, que Cristina Ferreira tem&hellip;\n","protected":false},"author":2,"featured_media":124287,"comment_status":"","ping_status":"","sticky":false,"template":"","format":"standard","meta":{"footnotes":""},"categories":[145],"tags":[17874,211,210,166,114,115,6470,32,33,17873],"class_list":{"0":"post-124286","1":"post","2":"type-post","3":"status-publish","4":"format-standard","5":"has-post-thumbnail","7":"category-celebridades","8":"tag-antonio-casinhas","9":"tag-celebridades","10":"tag-celebrities","11":"tag-cristina-ferreira","12":"tag-entertainment","13":"tag-entretenimento","14":"tag-joao-monteiro","15":"tag-portugal","16":"tag-pt","17":"tag-tiago"},"share_on_mastodon":{"url":"https:\/\/pubeurope.com\/@pt\/115428333096351526","error":""},"_links":{"self":[{"href":"https:\/\/www.europesays.com\/pt\/wp-json\/wp\/v2\/posts\/124286","targetHints":{"allow":["GET"]}}],"collection":[{"href":"https:\/\/www.europesays.com\/pt\/wp-json\/wp\/v2\/posts"}],"about":[{"href":"https:\/\/www.europesays.com\/pt\/wp-json\/wp\/v2\/types\/post"}],"author":[{"embeddable":true,"href":"https:\/\/www.europesays.com\/pt\/wp-json\/wp\/v2\/users\/2"}],"replies":[{"embeddable":true,"href":"https:\/\/www.europesays.com\/pt\/wp-json\/wp\/v2\/comments?post=124286"}],"version-history":[{"count":0,"href":"https:\/\/www.europesays.com\/pt\/wp-json\/wp\/v2\/posts\/124286\/revisions"}],"wp:featuredmedia":[{"embeddable":true,"href":"https:\/\/www.europesays.com\/pt\/wp-json\/wp\/v2\/media\/124287"}],"wp:attachment":[{"href":"https:\/\/www.europesays.com\/pt\/wp-json\/wp\/v2\/media?parent=124286"}],"wp:term":[{"taxonomy":"category","embeddable":true,"href":"https:\/\/www.europesays.com\/pt\/wp-json\/wp\/v2\/categories?post=124286"},{"taxonomy":"post_tag","embeddable":true,"href":"https:\/\/www.europesays.com\/pt\/wp-json\/wp\/v2\/tags?post=124286"}],"curies":[{"name":"wp","href":"https:\/\/api.w.org\/{rel}","templated":true}]}}