{"id":124310,"date":"2025-10-24T09:23:18","date_gmt":"2025-10-24T09:23:18","guid":{"rendered":"https:\/\/www.europesays.com\/pt\/124310\/"},"modified":"2025-10-24T09:23:18","modified_gmt":"2025-10-24T09:23:18","slug":"lyon-afonso-moreira-marca-e-paulo-fonseca-so-sabe-ganhar","status":"publish","type":"post","link":"https:\/\/www.europesays.com\/pt\/124310\/","title":{"rendered":"Lyon: Afonso Moreira marca e Paulo Fonseca s\u00f3 sabe ganhar"},"content":{"rendered":"<p>O Lyon continua impar\u00e1vel na Liga Europa e somou a terceira vit\u00f3ria em tr\u00eas jogos. Desta vez, a forma\u00e7\u00e3o de Paulo Fonseca <strong><a href=\"https:\/\/maisfutebol.iol.pt\/jogo\/lyon\/basel\/13830334?tab=aominuto\" rel=\"nofollow noopener\" target=\"_blank\">venceu em casa o Basileia, da Su\u00ed\u00e7a, por 2-0<\/a><\/strong>.<\/p>\n<p>Paulo Fonseca, de resto, apostou em Mathys de Carvalho no onze inicial, tendo o internacional portugu\u00eas sub-20 jogado os 90 minutos.<\/p>\n<p>Afonso Moreira, por outro lado, entrou aos 79 minutos e foi fundamental na partida. Logo aos 83 fez um golo que foi anulado pelo \u00e1rbitro, por fora de jogo, naquilo que foi um aviso para o que viria a seguir: j\u00e1 em per\u00edodo de descontos, recebeu um passe de Adam Karabec e rematou dentro da \u00e1rea para o 2-0.<\/p>\n<p>Corentin Tolisso, logo aos tr\u00eas minutos, fez o primeiro golo da partida, ap\u00f3s um erro da defesa do Basileia, que perdeu a bola em zona proibida.\u00a0<\/p>\n<p>Desta forma, o Lyon <strong><a href=\"https:\/\/maisfutebol.iol.pt\/resultadoseclassificacoes\/399\/132\/Europa\/Liga-Europa\" rel=\"nofollow noopener\" target=\"_blank\">soma nove pontos e lidera a fase de Liga da Liga Europa<\/a><\/strong>, ao lado de outras equipas, entre elas o Sp. Braga.<\/p>\n","protected":false},"excerpt":{"rendered":"O Lyon continua impar\u00e1vel na Liga Europa e somou a terceira vit\u00f3ria em tr\u00eas jogos. Desta vez, a&hellip;\n","protected":false},"author":2,"featured_media":124311,"comment_status":"","ping_status":"","sticky":false,"template":"","format":"standard","meta":{"footnotes":""},"categories":[87],"tags":[28682,28680,135,137,1530,46,28681,25175,32,33,47,4219,527,5434,134],"class_list":{"0":"post-124310","1":"post","2":"type-post","3":"status-publish","4":"format-standard","5":"has-post-thumbnail","7":"category-desporto","8":"tag-afonso-moreira","9":"tag-basileia","10":"tag-desporto","11":"tag-liga-europa","12":"tag-lyon","13":"tag-maisfutebol","14":"tag-mathys-de-carvalho","15":"tag-paulo-fonseca","16":"tag-portugal","17":"tag-pt","18":"tag-pura-paixao","19":"tag-resultado-final","20":"tag-resultados","21":"tag-resultados-hoje","22":"tag-sports"},"share_on_mastodon":{"url":"https:\/\/pubeurope.com\/@pt\/115428419475105137","error":""},"_links":{"self":[{"href":"https:\/\/www.europesays.com\/pt\/wp-json\/wp\/v2\/posts\/124310","targetHints":{"allow":["GET"]}}],"collection":[{"href":"https:\/\/www.europesays.com\/pt\/wp-json\/wp\/v2\/posts"}],"about":[{"href":"https:\/\/www.europesays.com\/pt\/wp-json\/wp\/v2\/types\/post"}],"author":[{"embeddable":true,"href":"https:\/\/www.europesays.com\/pt\/wp-json\/wp\/v2\/users\/2"}],"replies":[{"embeddable":true,"href":"https:\/\/www.europesays.com\/pt\/wp-json\/wp\/v2\/comments?post=124310"}],"version-history":[{"count":0,"href":"https:\/\/www.europesays.com\/pt\/wp-json\/wp\/v2\/posts\/124310\/revisions"}],"wp:featuredmedia":[{"embeddable":true,"href":"https:\/\/www.europesays.com\/pt\/wp-json\/wp\/v2\/media\/124311"}],"wp:attachment":[{"href":"https:\/\/www.europesays.com\/pt\/wp-json\/wp\/v2\/media?parent=124310"}],"wp:term":[{"taxonomy":"category","embeddable":true,"href":"https:\/\/www.europesays.com\/pt\/wp-json\/wp\/v2\/categories?post=124310"},{"taxonomy":"post_tag","embeddable":true,"href":"https:\/\/www.europesays.com\/pt\/wp-json\/wp\/v2\/tags?post=124310"}],"curies":[{"name":"wp","href":"https:\/\/api.w.org\/{rel}","templated":true}]}}