{"id":124316,"date":"2025-10-24T09:28:07","date_gmt":"2025-10-24T09:28:07","guid":{"rendered":"https:\/\/www.europesays.com\/pt\/124316\/"},"modified":"2025-10-24T09:28:07","modified_gmt":"2025-10-24T09:28:07","slug":"exercito-chines-justifica-purgas-de-altos-comandos-para-preservar-pureza-e-honra","status":"publish","type":"post","link":"https:\/\/www.europesays.com\/pt\/124316\/","title":{"rendered":"Ex\u00e9rcito chin\u00eas justifica purgas de altos comandos para preservar &#8220;pureza e honra&#8221;"},"content":{"rendered":"<p>&#13;<br \/>\n&#8220;Todo o Ex\u00e9rcito deve apoiar firmemente a decis\u00e3o do Comit\u00e9 Central, unificar o pensamento e a compreens\u00e3o, fortalecer a confian\u00e7a e manter-se absolutamente alinhado, em pensamento, pol\u00edtica e a\u00e7\u00e3o, com o Comit\u00e9 Central do Partido, com [o Presidente chin\u00eas] Xi Jinping no centro&#8221;, escreveu hoje o PLA Daily, em editorial.&#13;\n<\/p>\n<p>&#13;<br \/>\nNa quinta-feira, o Comit\u00e9 Central do Partido Comunista Chin\u00eas confirmou a expuls\u00e3o de v\u00e1rios altos quadros militares e civis, incluindo o general He Weidong, at\u00e9 ent\u00e3o vice-presidente da Comiss\u00e3o Militar Central (CMC) &#8211; o \u00f3rg\u00e3o m\u00e1ximo de comando das For\u00e7as Armadas -, o almirante Miao Hua, ex-chefe do trabalho pol\u00edtico do Ex\u00e9rcito, e o ex-ministro da Agricultura, Tang Renjian, condenado por aceitar subornos milion\u00e1rios.&#13;\n<\/p>\n<p>&#13;<br \/>\nO PLA Daily afirmou que &#8220;n\u00e3o pode haver ref\u00fagio para a corrup\u00e7\u00e3o&#8221; nas for\u00e7as armadas e alertou que ainda persistem fatores que &#8220;minam a lideran\u00e7a absoluta&#8221; do Partido e &#8220;corroem o car\u00e1ter pol\u00edtico&#8221; do Ex\u00e9rcito.&#13;\n<\/p>\n<p>&#13;<br \/>\n&#8220;Investigar e erradicar em profundidade figuras corruptas como He Weidong e Miao Hua prolonga a campanha de retifica\u00e7\u00e3o e anticorrup\u00e7\u00e3o iniciada no 18.\u00ba Congresso do Partido e aprofunda a reconstru\u00e7\u00e3o moral do Ex\u00e9rcito, eliminando riscos pol\u00edticos graves e consolidando a sua pureza e honra&#8221;, l\u00ea-se no editorial.&#13;\n<\/p>\n<p>&#13;<br \/>\nO jornal reiterou que o Ex\u00e9rcito &#8220;pertence ao Partido e ao povo&#8221; e que \u00e9 &#8220;incompat\u00edvel com a corrup\u00e7\u00e3o&#8221;, defendendo que a campanha anticorrup\u00e7\u00e3o &#8220;afeta diretamente a lideran\u00e7a absoluta do Partido sobre os militares, a miss\u00e3o e natureza do Ex\u00e9rcito e a estabilidade de longo prazo do Partido e do Estado&#8221;.&#13;\n<\/p>\n<p>&#13;<br \/>\n&#8220;\u00c9 uma batalha pol\u00edtica que n\u00e3o pode ser perdida. Punir severamente os corruptos demonstra a for\u00e7a do Partido e do Ex\u00e9rcito: quanto mais se combate a corrup\u00e7\u00e3o, mais fortes, puros e combativos nos tornamos&#8221;, acrescentou o editorial, que tamb\u00e9m apela para a forma\u00e7\u00e3o de &#8220;quadros leais, \u00edntegros e competentes&#8221;.&#13;\n<\/p>\n<p>&#13;<br \/>\nAs investiga\u00e7\u00f5es por corrup\u00e7\u00e3o t\u00eam atingido v\u00e1rios setores das for\u00e7as armadas, incluindo a For\u00e7a de Foguetes &#8211; respons\u00e1vel pelo arsenal nuclear da China &#8211; e j\u00e1 provocaram a queda dos dois ministros da Defesa anteriores, bem como de altos quadros ligados \u00e0s \u00e1reas de armamento e aquisi\u00e7\u00f5es militares.&#13;\n<\/p>\n<p>&#13;<br \/>\nEm julho, a Comiss\u00e3o Militar Central emitiu novas diretrizes para refor\u00e7ar a &#8220;lealdade pol\u00edtica&#8221; e a integridade dentro das fileiras militares, num contexto de crescente vigil\u00e2ncia e centraliza\u00e7\u00e3o sob a lideran\u00e7a de Xi Jinping.&#13;\n<\/p>\n<p>&#13;<br \/>\nEspecialistas em assuntos militares advertiram que estas purgas podem afetar os esfor\u00e7os de moderniza\u00e7\u00e3o das For\u00e7as Armadas e a sua prepara\u00e7\u00e3o para potenciais cen\u00e1rios de conflito, incluindo uma eventual crise em torno de Taiwan &#8211; territ\u00f3rio que Pequim considera &#8220;parte inalien\u00e1vel&#8221; da China.&#13;\n<\/p>\n<p>&#13;<br \/>\n\u00a0&#13;<\/p>\n","protected":false},"excerpt":{"rendered":"&#13; &#8220;Todo o Ex\u00e9rcito deve apoiar firmemente a decis\u00e3o do Comit\u00e9 Central, unificar o pensamento e a compreens\u00e3o,&hellip;\n","protected":false},"author":2,"featured_media":124317,"comment_status":"","ping_status":"","sticky":false,"template":"","format":"standard","meta":{"footnotes":""},"categories":[50],"tags":[27,28,25050,1070,15,16,28684,14,25,26,21,22,62,12,13,19,20,3422,23,24,17,18,29,30,31,63,64,65],"class_list":{"0":"post-124316","1":"post","2":"type-post","3":"status-publish","4":"format-standard","5":"has-post-thumbnail","7":"category-mundo","8":"tag-breaking-news","9":"tag-breakingnews","10":"tag-comite","11":"tag-exercito","12":"tag-featured-news","13":"tag-featurednews","14":"tag-he-weidong","15":"tag-headlines","16":"tag-latest-news","17":"tag-latestnews","18":"tag-main-news","19":"tag-mainnews","20":"tag-mundo","21":"tag-news","22":"tag-noticias","23":"tag-noticias-principais","24":"tag-noticiasprincipais","25":"tag-pequim","26":"tag-principais-noticias","27":"tag-principaisnoticias","28":"tag-top-stories","29":"tag-topstories","30":"tag-ultimas","31":"tag-ultimas-noticias","32":"tag-ultimasnoticias","33":"tag-world","34":"tag-world-news","35":"tag-worldnews"},"share_on_mastodon":{"url":"https:\/\/pubeurope.com\/@pt\/115428439203095945","error":""},"_links":{"self":[{"href":"https:\/\/www.europesays.com\/pt\/wp-json\/wp\/v2\/posts\/124316","targetHints":{"allow":["GET"]}}],"collection":[{"href":"https:\/\/www.europesays.com\/pt\/wp-json\/wp\/v2\/posts"}],"about":[{"href":"https:\/\/www.europesays.com\/pt\/wp-json\/wp\/v2\/types\/post"}],"author":[{"embeddable":true,"href":"https:\/\/www.europesays.com\/pt\/wp-json\/wp\/v2\/users\/2"}],"replies":[{"embeddable":true,"href":"https:\/\/www.europesays.com\/pt\/wp-json\/wp\/v2\/comments?post=124316"}],"version-history":[{"count":0,"href":"https:\/\/www.europesays.com\/pt\/wp-json\/wp\/v2\/posts\/124316\/revisions"}],"wp:featuredmedia":[{"embeddable":true,"href":"https:\/\/www.europesays.com\/pt\/wp-json\/wp\/v2\/media\/124317"}],"wp:attachment":[{"href":"https:\/\/www.europesays.com\/pt\/wp-json\/wp\/v2\/media?parent=124316"}],"wp:term":[{"taxonomy":"category","embeddable":true,"href":"https:\/\/www.europesays.com\/pt\/wp-json\/wp\/v2\/categories?post=124316"},{"taxonomy":"post_tag","embeddable":true,"href":"https:\/\/www.europesays.com\/pt\/wp-json\/wp\/v2\/tags?post=124316"}],"curies":[{"name":"wp","href":"https:\/\/api.w.org\/{rel}","templated":true}]}}