{"id":124324,"date":"2025-10-24T09:33:11","date_gmt":"2025-10-24T09:33:11","guid":{"rendered":"https:\/\/www.europesays.com\/pt\/124324\/"},"modified":"2025-10-24T09:33:11","modified_gmt":"2025-10-24T09:33:11","slug":"iron-maiden-celebram-50-anos-com-livro-visual-que-chega-a-portugal-em-novembro","status":"publish","type":"post","link":"https:\/\/www.europesays.com\/pt\/124324\/","title":{"rendered":"Iron Maiden celebram 50 anos com livro visual que chega a Portugal em novembro"},"content":{"rendered":"<p>\t                Descrito pela editora como um registo visual e biogr\u00e1fico de refer\u00eancia, o volume inclui um pref\u00e1cio de Steve Harris, fundador e baixista dos Iron Maiden, e um posf\u00e1cio do vocalista Bruce Dickinson<\/p>\n<p>Os Iron Maiden celebram 50 anos com o livro \u201cInfinite Dreams\u201d, uma edi\u00e7\u00e3o especial em capa dura, com mais de 600 imagens e testemunhos in\u00e9ditos dos membros da banda, que chega \u00e0s livrarias portuguesas a 05 de novembro.<\/p>\n<p>A obra, lan\u00e7ada originalmente pela editora londrina Thames &amp; Hudson, chega ao mercado portugu\u00eas atrav\u00e9s da editora Marcador e apresenta-se como \u201ca hist\u00f3ria visual definitiva dos Iron Maiden\u201d, com mais de 600 ilustra\u00e7\u00f5es a cores, incluindo fotografias de Ross Halfin e John McMurtrie, capas ic\u00f3nicas de \u00e1lbuns, adere\u00e7os de palco, letras manuscritas e objetos raros do arquivo oficial e das cole\u00e7\u00f5es pessoais dos membros da banda.<\/p>\n<p>Descrito pela editora como um registo visual e biogr\u00e1fico de refer\u00eancia, o volume inclui um pref\u00e1cio de Steve Harris, fundador e baixista dos Iron Maiden, e um posf\u00e1cio do vocalista Bruce Dickinson, que refletem sobre a longevidade e o impacto cultural da banda.<\/p>\n<p>\u201cEsta jornada tem sido uma verdadeira viagem no tempo para mim \u2014 e espero que seja igualmente fascinante para voc\u00eas\u201d, escreve Steve Harris, acrescentando: \u201c\u00c9 incr\u00edvel quando as pessoas me dizem que a banda as ajudou a superar momentos dif\u00edceis, que lhes mudou a vida ou at\u00e9 que lhes salvou a vida.\u201d<\/p>\n<p>Para Bruce Dickinson, \u201c\u00e9 o poder da imagina\u00e7\u00e3o que perdura\u201d e s\u00e3o as hist\u00f3rias da banda brit\u00e2nica que \u201csobreviver\u00e3o para as gera\u00e7\u00f5es futuras\u201d.<\/p>\n<p><img loading=\"lazy\" decoding=\"async\" alt=\"\" height=\"392\" src=\"https:\/\/www.europesays.com\/pt\/wp-content\/uploads\/2025\/10\/68fb44a0d34ee0c2fed19e78.webp\" width=\"300\"\/><\/p>\n<p>Com 352 p\u00e1ginas e edi\u00e7\u00e3o comemorativa em capa dura, \u201cInfinite Dreams \u2013 Iron Maiden\u201d compila imagens raras e in\u00e9ditas, bem como hist\u00f3rias de bastidores que atravessam cinco d\u00e9cadas de carreira, desde os primeiros concertos em \u2018pubs\u2019 londrinos at\u00e9 \u00e0s digress\u00f5es mundiais que consagraram a banda como um dos nomes mais influentes do heavy metal.<\/p>\n<p>Segundo a editora, o livro foi criado com o envolvimento direto dos membros da banda e da sua equipa de \u2018management\u2019, bem como de artistas e colaboradores de v\u00e1rias \u00e9pocas, resultando numa \u201ccr\u00f3nica visual minuciosamente compilada\u201d, destinada tanto a f\u00e3s como a novos seguidores.<\/p>\n<p>O lan\u00e7amento mundial do livro aconteceu em 07 de outubro e chega agora a Portugal, estando os direitos de publica\u00e7\u00e3o j\u00e1 vendidos para v\u00e1rios pa\u00edses.<\/p>\n","protected":false},"excerpt":{"rendered":"Descrito pela editora como um registo visual e biogr\u00e1fico de refer\u00eancia, o volume inclui um pref\u00e1cio de Steve&hellip;\n","protected":false},"author":2,"featured_media":124325,"comment_status":"","ping_status":"","sticky":false,"template":"","format":"standard","meta":{"footnotes":""},"categories":[143],"tags":[609,836,611,169,27,607,608,333,832,604,135,610,476,114,115,301,830,3543,603,570,237,170,831,833,62,834,13,835,602,52,32,33,28686,29],"class_list":{"0":"post-124324","1":"post","2":"type-post","3":"status-publish","4":"format-standard","5":"has-post-thumbnail","7":"category-livros","8":"tag-alerta","9":"tag-analise","10":"tag-ao-minuto","11":"tag-books","12":"tag-breaking-news","13":"tag-cnn","14":"tag-cnn-portugal","15":"tag-comentadores","16":"tag-costa","17":"tag-crime","18":"tag-desporto","19":"tag-direto","20":"tag-economia","21":"tag-entertainment","22":"tag-entretenimento","23":"tag-governo","24":"tag-guerra","25":"tag-iron-maiden","26":"tag-justica","27":"tag-live","28":"tag-livro","29":"tag-livros","30":"tag-mais-vistas","31":"tag-marcelo","32":"tag-mundo","33":"tag-negocios","34":"tag-noticias","35":"tag-opiniao","36":"tag-pais","37":"tag-politica","38":"tag-portugal","39":"tag-pt","40":"tag-testemunhos","41":"tag-ultimas"},"share_on_mastodon":{"url":"https:\/\/pubeurope.com\/@pt\/115428458762531267","error":""},"_links":{"self":[{"href":"https:\/\/www.europesays.com\/pt\/wp-json\/wp\/v2\/posts\/124324","targetHints":{"allow":["GET"]}}],"collection":[{"href":"https:\/\/www.europesays.com\/pt\/wp-json\/wp\/v2\/posts"}],"about":[{"href":"https:\/\/www.europesays.com\/pt\/wp-json\/wp\/v2\/types\/post"}],"author":[{"embeddable":true,"href":"https:\/\/www.europesays.com\/pt\/wp-json\/wp\/v2\/users\/2"}],"replies":[{"embeddable":true,"href":"https:\/\/www.europesays.com\/pt\/wp-json\/wp\/v2\/comments?post=124324"}],"version-history":[{"count":0,"href":"https:\/\/www.europesays.com\/pt\/wp-json\/wp\/v2\/posts\/124324\/revisions"}],"wp:featuredmedia":[{"embeddable":true,"href":"https:\/\/www.europesays.com\/pt\/wp-json\/wp\/v2\/media\/124325"}],"wp:attachment":[{"href":"https:\/\/www.europesays.com\/pt\/wp-json\/wp\/v2\/media?parent=124324"}],"wp:term":[{"taxonomy":"category","embeddable":true,"href":"https:\/\/www.europesays.com\/pt\/wp-json\/wp\/v2\/categories?post=124324"},{"taxonomy":"post_tag","embeddable":true,"href":"https:\/\/www.europesays.com\/pt\/wp-json\/wp\/v2\/tags?post=124324"}],"curies":[{"name":"wp","href":"https:\/\/api.w.org\/{rel}","templated":true}]}}