{"id":124371,"date":"2025-10-24T10:20:25","date_gmt":"2025-10-24T10:20:25","guid":{"rendered":"https:\/\/www.europesays.com\/pt\/124371\/"},"modified":"2025-10-24T10:20:25","modified_gmt":"2025-10-24T10:20:25","slug":"agente-de-hany-mukhtar-avanca-com-queixa-crime-contra-rui-costa-devido-a-comissoes-da-eusebio-cup","status":"publish","type":"post","link":"https:\/\/www.europesays.com\/pt\/124371\/","title":{"rendered":"Agente de Hany Mukhtar avan\u00e7a com queixa-crime contra Rui Costa devido a comiss\u00f5es da Eus\u00e9bio Cup"},"content":{"rendered":"<p>&#8211; Advertisement &#8211;<\/p>\n<p><strong>Paulo Rodrigues, agente de Hany Mukhtar, colocou Rui Costa na justi\u00e7a. Em causa, comiss\u00f5es recebidas pelo presidente do Benfica da Eus\u00e9bio Cup.<\/strong><\/p>\n<p>Al\u00e9m do processo em que exige tr\u00eas milh\u00f5es de euros pela transfer\u00eancia de Hany Mukhtar, <a href=\"https:\/\/bolanarede.pt\/especial-bola-na-rede\/atualidade\/ex-benfica-hany-mukhtar-renova-com-o-nashville\/\" target=\"_blank\" rel=\"noreferrer noopener nofollow\">agora no Nashville<\/a>, para o Benfica em 2014, Paulo Rodrigues, agente do alem\u00e3o, voltou a colocar Rui Costa na justi\u00e7a.<\/p>\n<p>Num comunicado divulgado a nome individual pelo pr\u00f3prio, o agente confirma que avan\u00e7ou com uma provid\u00eancia cautelar no Tribunal C\u00edvil de Lisboa contra Rui Costa e que apresentou uma queixa-crime na Pol\u00edcia Judici\u00e1ria e na Procuradoria-Geral da Rep\u00fablica.<\/p>\n<p>Em causa o conflito entre o agente e Rui Costa relativo \u00e0 organiza\u00e7\u00e3o da Eus\u00e9bio Cup. Al\u00e9m de acusar o presidente do Benfica e antigo m\u00e9dio encarnado de querer intitular o trof\u00e9u de pr\u00e9-\u00e9poca Maestro Cup, Paulo Rodrigues acusa Rui Costa de receber comiss\u00f5es relativas \u00e0 organiza\u00e7\u00e3o do jogo de pr\u00e9-\u00e9poca.<\/p>\n<p>No mesmo comunicado, Paulo Rodrigues refere que recebeu uma chamada telef\u00f3nica de Rui Costa no dia do Newcastle x Benfica, ter\u00e7a-feira 21 de outubro, onde foi insultado pelo presidente do Benfica com alega\u00e7\u00f5es falsas. O conflito entre as duas partes agravou-se e tem novos desenvolvimentos. <\/p>\n<p><strong>Eis o comunicado de Paulo Rodrigues na \u00edntegra:<\/strong><\/p>\n<p>Na <a\/>sequ\u00eancia de uma conversa telef\u00f3nica ocorrida ontem entre o Sr Presidente do Sport Lisboa e Benfica e o s\u00f3cio n.\u00ba 33.588, Paulo Rodrigues venho por este meio esclarecer publicamente os seguintes factos:<\/p>\n<p><strong>1. Conduta e declara\u00e7\u00f5es do Presidente<\/strong><\/p>\n<p>Durante cerca de 45 minutos de conversa em dia de um jogo importante para a Champions League, liga me de Newclastle o Presidente dirigiu-se a mim de forma insultuosa e desrespeitosa, demonstrando um comportamento incompat\u00edvel com a fun\u00e7\u00e3o que ocupa a de Presidente do Sport Lisboa e Benfica.<\/p>\n<p>Entre outras express\u00f5es, proferiu repetidamente insultos de natureza pessoal e familiar , LADR\u00c3O , FILHO DA PUTA ,chegando ao ponto de ofender a minha m\u00e3e ( PUTA ),com palavras absolutamente inaceit\u00e1veis imaginem o desespero dele, para quem representa uma institui\u00e7\u00e3o centen\u00e1ria e da dimens\u00e3o como o Sport Lisboa e Benfica.<\/p>\n<p><strong>2. Alega\u00e7\u00f5es Falsas<\/strong><\/p>\n<p>Foi-me injustamente atribu\u00eddo o desejo de querer roubar o Benfica como eu tivesse algum dia sido funcion\u00e1rio do clube;<\/p>\n<p>Quero deixar claro que nunca trabalhei para o Sport Lisboa e Benfica, nem mantive qualquer rela\u00e7\u00e3o profissional direta com o mesmo como funcion\u00e1rio ou outra qualquer fun\u00e7\u00e3o sem ser a de Agente FIFA,com servi\u00e7os prestados a pedido do Sport Lisboa e Benfica que assim me os solicitou.<\/p>\n<p>O que reclamo \u00e9 apenas o cumprimento de um acordo contratual leg\u00edtimo, assinado e assumido pelo pr\u00f3prio Rui Costa ( que disse me que n\u00e3o assinou ), o Benfica que vendeu o jogador e n\u00e3o me informou e omitiu tudo,era obriga\u00e7\u00e3o da administra\u00e7\u00e3o avisar me pelos direitos que existem sobre os meus direitos aceites pelo Benfica,<a href=\"https:\/\/www.facebook.com\/hashtag\/e?__eep__=6&amp;__cft__[0]=AZU-SU9PegpD5njvGgOjbsxFsWVQErxbkhrzqH9Wp9MYsdj_2xhNsuJT2uVJhaZ1tqU-FXPSUMGEzXvdZpBreaQlPSPiNiAZAIozag92k6V4zalAiwhIHzaka3KikGBwKYJrLg-S4c2dvFHkiUJrTnWCMPkNMke4h_VFu6zzo6bWIg&amp;__tn__=*NK-R\" rel=\"nofollow noopener\" target=\"_blank\">#e<\/a> eu apenas estou a defender os meus direitos que ainda me obrigou a ir para TAS\/FIFA, onde tive de pagar quase 50.000\u20ac para poder reaver os meus direitos, acordados pela dire\u00e7\u00e3o do Sport Lisboa e Benfica e sua Administra\u00e7\u00e3o,porque n\u00e3o me querem pagar o que acordaram e assinaram no contracto na venda do jogador \u201c HANY MUKTHAR \u201c, no Benfica o que se assina paga se \u00e9 o nosso lema e o deles quando falam para n\u00f3s S\u00d3CIOS.<\/p>\n<p>Assim, se existe algu\u00e9m com responsabilidades financeiras ou morais perante o clube e se algu\u00e9m lesou o clube e o ( ROUBOU )ou ( DESVIOU VERBAS EM DINHEIRO)esse algu\u00e9m n\u00e3o sou eu,porque n\u00e3o sou eu que estou \u00e1 17 anos como funcion\u00e1rio exercendo os cargos de Director Desportivo, Diretor Forma\u00e7\u00e3o, Administrador SAD e ainda a Presidente no Sport Lisboa e Benfica .<\/p>\n<p><strong>3. Ofensas e falta de respeito<\/strong><\/p>\n<p>Fui tamb\u00e9m chamado de \u201cCHULO\u201d.<\/p>\n<p>Quem ocupa cargos no clube a mais de 17 anos e aufere uma remunera\u00e7\u00e3o de 300.000\u20ac por \u00e9poca \u201cDURANTE V\u00c1RIOS ANOS DESDE 2008 at\u00e9 2021\u201d, sem resultados desportivos ou gest\u00e3o \u00e0 altura da grandeza do Benfica e dos seus salarios n\u00e3o sou eu, \u00e9 o Sr Rui Costa logo entre n\u00f3s dois a existir um \u201c CHULO \u201c s\u00f3 poder\u00e1 ser o Sr Presidente Rui Costa.<\/p>\n<p>Os s\u00f3cios, \u00e9 que sustentam e dignificam o Sport Lisboa e Benfica, merecem respeito e transpar\u00eancia e valores que parecem esquecidos pela atual n\u00e3o lideran\u00e7a do Sr Presidente Rui Costa, que nem N\u00cdVEL tem nenhum, n\u00e3o sabe de nada,n\u00e3o assinou nada,n\u00e3o viu nada ( \u00e9 cego ), nem o nome e assinatura dele sabe reconhecer ( n\u00e3o assinou nada ) ,n\u00e3o l\u00ea os contractos, afinal como pode uma pessoa destas servir para ser o nosso Presidente???!!!<\/p>\n<p><strong>4. Apelo \u00e0 dignidade e responsabilidade<\/strong><\/p>\n<p>O Benfica \u00e9 um s\u00edmbolo nacional e mundial e uma refer\u00eancia de valores, \u00e9tica amor e paix\u00e3o.<\/p>\n<p>Um Presidente deve ser o primeiro a defender esses princ\u00edpios, e n\u00e3o o primeiro a desrespeit\u00e1-los.<\/p>\n<p>Insultar s\u00f3cios \u00e9 insultar o pr\u00f3prio Benfica e ainda diz que a sua prioridade s\u00e3o os S\u00d3CIOS ?!<\/p>\n<p>O que voc\u00ea fez comigo ontem faz com qualquer um outro S\u00d3CIO.<\/p>\n<p>Por tudo isto lamento profundamente o n\u00edvel a que a atual Presid\u00eancia chegou imaginem o seu \u201cDESESPERO\u201d,<\/p>\n<p>O Sport Lisboa e Benfica merece muito melhor lideran\u00e7a muito melhor PRESIDENTE,com seriedade e respeito e n\u00e3o comportamentos que envergonham os seus S\u00f3cios e adeptos e mancham o nome do clube.<\/p>\n<p><strong>5. Provid\u00eancia Cautelar<\/strong><\/p>\n<p>Para terminar, informo todos os S\u00f3cios e Benfiquistas que deu entrada hoje pelas 17.21h uma Provid\u00eancia Cautelar apresenta no Tribunal C\u00edvel em Lisboa , seguindo se queixa crime para a Pol\u00edcia Judici\u00e1ria e Procuradoria, Geral da Republica. contra o Senhor Presidente Rui Costa, com base em ind\u00edcios de alegadas irregularidades e eventual enriquecimento il\u00edcitos ocorridos durante o per\u00edodo em que exerceu as fun\u00e7\u00f5es de Diretor Desportivo e Administrador da SAD.<\/p>\n<p>De acordo com os elementos dispon\u00edveis e documentos prova, existem suspeitas de que determinadas opera\u00e7\u00f5es financeiras poder\u00e3o ter beneficiado empresas e colaboradores pr\u00f3ximos do atual Presidente Rui Costa ou (funcion\u00e1rios ou prestadores de servi\u00e7os), em detrimento dos interesses do Sport Lisboa e Benfica.<\/p>\n<p>No \u00e2mbito desta a\u00e7\u00e3o judicial, ser\u00e1 ainda solicitado uma queixa CRIME contra o Sr Presidente Rui Costa e que o clube apresente toda a documenta\u00e7\u00e3o referente \u00e0s 13 edi\u00e7\u00f5es da EUS\u00c9BIO CUP, identificando os destinat\u00e1rios e benefici\u00e1rios dos respetivos pagamentos e transfer\u00eancias, a quem foram as empresas e nomes dos agentes FIFA que pagaram e ORGANIZARAM as 13 Edi\u00e7\u00f5es da \u201c EUS\u00c9BIO CUP\u201d.<\/p>\n<p><strong>6. Mentor e Ideia \u201c Eus\u00e9bio CUP \u201c<\/strong><\/p>\n<p>Para finalizar, informa-se os S\u00f3cios do Sport Lisboa e Benfica que o torneio de pr\u00e9-\u00e9poca, atualmente designado \u201cEus\u00e9bio Cup\u201d, teve, numa fase inicial, a designa\u00e7\u00e3o provis\u00f3ria de \u201cMaestro Cup\u201d, em homenagem ao ent\u00e3o jogador Rui Costa, amplamente reconhecido como o nosso \u201cMaestro\u201d.<\/p>\n<p>Contudo, na reuni\u00e3o de dire\u00e7\u00e3o realizada em janeiro de 2008, n\u00e3o houve unanimidade quanto \u00e0 ado\u00e7\u00e3o dessa designa\u00e7\u00e3o. Foi ent\u00e3o apresentada por mim a proposta de atribuir ao torneio ( jogo ) o nome \u201cEus\u00e9bio Cup\u201d, sugest\u00e3o que viria a ser aceite por todos os membros da dire\u00e7\u00e3o.<\/p>\n<p>Pelo respeito, pela verdade e pelo Benfica e por todos os S\u00d3CIOS, hoje eu amanh\u00e3 qualquer outro do Universo dos 420.000 atuais.<\/p>\n<p>Assinado:<\/p>\n<p>S\u00f3cio n.\u00ba 33.588<\/p>\n<p>PAULO RODRIGUES<\/p>\n","protected":false},"excerpt":{"rendered":"&#8211; Advertisement &#8211; Paulo Rodrigues, agente de Hany Mukhtar, colocou Rui Costa na justi\u00e7a. Em causa, comiss\u00f5es recebidas&hellip;\n","protected":false},"author":2,"featured_media":105966,"comment_status":"","ping_status":"","sticky":false,"template":"","format":"standard","meta":{"footnotes":""},"categories":[87],"tags":[260,51,135,922,28691,28692,32,33,6058,134],"class_list":{"0":"post-124371","1":"post","2":"type-post","3":"status-publish","4":"format-standard","5":"has-post-thumbnail","7":"category-desporto","8":"tag-atualidade","9":"tag-benfica","10":"tag-desporto","11":"tag-eusebio-cup","12":"tag-hany-mukhtar","13":"tag-paulo-rodrigues","14":"tag-portugal","15":"tag-pt","16":"tag-rui-costa","17":"tag-sports"},"share_on_mastodon":{"url":"https:\/\/pubeurope.com\/@pt\/115428643665341218","error":""},"_links":{"self":[{"href":"https:\/\/www.europesays.com\/pt\/wp-json\/wp\/v2\/posts\/124371","targetHints":{"allow":["GET"]}}],"collection":[{"href":"https:\/\/www.europesays.com\/pt\/wp-json\/wp\/v2\/posts"}],"about":[{"href":"https:\/\/www.europesays.com\/pt\/wp-json\/wp\/v2\/types\/post"}],"author":[{"embeddable":true,"href":"https:\/\/www.europesays.com\/pt\/wp-json\/wp\/v2\/users\/2"}],"replies":[{"embeddable":true,"href":"https:\/\/www.europesays.com\/pt\/wp-json\/wp\/v2\/comments?post=124371"}],"version-history":[{"count":0,"href":"https:\/\/www.europesays.com\/pt\/wp-json\/wp\/v2\/posts\/124371\/revisions"}],"wp:featuredmedia":[{"embeddable":true,"href":"https:\/\/www.europesays.com\/pt\/wp-json\/wp\/v2\/media\/105966"}],"wp:attachment":[{"href":"https:\/\/www.europesays.com\/pt\/wp-json\/wp\/v2\/media?parent=124371"}],"wp:term":[{"taxonomy":"category","embeddable":true,"href":"https:\/\/www.europesays.com\/pt\/wp-json\/wp\/v2\/categories?post=124371"},{"taxonomy":"post_tag","embeddable":true,"href":"https:\/\/www.europesays.com\/pt\/wp-json\/wp\/v2\/tags?post=124371"}],"curies":[{"name":"wp","href":"https:\/\/api.w.org\/{rel}","templated":true}]}}