{"id":124439,"date":"2025-10-24T11:34:17","date_gmt":"2025-10-24T11:34:17","guid":{"rendered":"https:\/\/www.europesays.com\/pt\/124439\/"},"modified":"2025-10-24T11:34:17","modified_gmt":"2025-10-24T11:34:17","slug":"lady-gaga-tambem-deve-estar-na-trilha-sonora-de-o-diabo-veste-prada-2-radio-mix-fm","status":"publish","type":"post","link":"https:\/\/www.europesays.com\/pt\/124439\/","title":{"rendered":"Lady Gaga tamb\u00e9m deve estar na trilha sonora de &#8220;O Diabo Veste Prada 2&#8221; \u2013 R\u00e1dio Mix FM"},"content":{"rendered":"<p><img decoding=\"async\" loading=\"lazy\" width=\"1200\" height=\"450\" src=\"https:\/\/www.europesays.com\/pt\/wp-content\/uploads\/2025\/10\/lady-gaga-6.jpg\" alt=\"\" class=\"wp-image-575648\"\/>Foto: Matt Winkelmeyer<\/p>\n<p>Parece que veremos mais de <strong>Lady Gaga <\/strong>em <strong>\u201cO Diabo Veste Prada 2\u201d<\/strong> do que pens\u00e1vamos\u2026<\/p>\n<p>Segundo informa\u00e7\u00f5es da revista Vanity Fair It\u00e1lia, al\u00e9m de Lady Gaga ter participado das grava\u00e7\u00f5es do longa em <strong><a href=\"https:\/\/radiomixfm.com.br\/lady-gaga-e-confirmada-em-o-diabo-veste-prada-2\/\" target=\"_blank\" rel=\"noreferrer noopener nofollow\">Mil\u00e3o<\/a><\/strong>, a cantora tamb\u00e9m teria filmado a performance de uma <strong>m\u00fasica in\u00e9dita <\/strong>para o filme.<\/p>\n<p>Filmada no museu <strong>Pinacoteca di Brera<\/strong>, onde foi ambientado um falso desfile de moda, a m\u00fasica de Lady Gaga n\u00e3o teria sido ouvida por ningu\u00e9m da equipe, para manter o sigilo total.<\/p>\n<p>Rumores apontam tamb\u00e9m que a faixa em quest\u00e3o vai integrar um projeto in\u00e9dito de Lady Gaga, podendo ser tanto o \u00e1lbum da <strong>trilha sonora <\/strong>oficial de \u201cO Diabo Veste Prada 2\u201d, quanto o sucessor de <strong>\u201cMAYHEM\u201d<\/strong>, disco lan\u00e7ado pela artista em <strong>mar\u00e7o<\/strong>.<\/p>\n<p>Em meio aos shows da <strong>turn\u00ea \u201cMAYHEM BALL\u201d<\/strong>, a participa\u00e7\u00e3o em \u201cO Diabo Veste Prada 2\u201d seria mais um grande projeto para a carreira de Lady Gaga nas artes dram\u00e1ticas, que j\u00e1 esteve em filmes como <strong>\u201cNasce Uma Estrela\u201d, \u201cCasa Gucci\u201d <\/strong>e <strong>\u201cCoringa: Del\u00edrio a Dois\u201d<\/strong>, e s\u00e9ries como <strong>\u201cAmerican Horror Story\u201d <\/strong>e <strong>\u201cWandinha\u201d<\/strong>.<\/p>\n<p>Ainda sem maiores informa\u00e7\u00f5es sobre a trama de \u201cO Diabo Veste Prada 2\u201d, sabe-se que o longa trar\u00e1 uma nova aventura da jornalista Andy Sachs (<strong><a href=\"https:\/\/radiomixfm.com.br\/o-diabo-veste-prada-2-tem-video-inedito-de-anne-hathaway-divulgado\/\" target=\"_blank\" rel=\"noreferrer noopener nofollow\">Anne Hathaway<\/a><\/strong>) no mundo da moda de Miranda Priestly (<strong><a href=\"https:\/\/radiomixfm.com.br\/meryl-streep-surge-como-miranda-priestly-em-desfile-da-dolce-gabbana\/\" target=\"_blank\" rel=\"noreferrer noopener nofollow\">Meryl Streep<\/a><\/strong>), Emily (<strong><a href=\"https:\/\/radiomixfm.com.br\/emily-blunt-surge-em-primeiras-fotos-de-o-diabo-veste-prada-2\/\" target=\"_blank\" rel=\"noreferrer noopener nofollow\">Emily Blunt<\/a><\/strong>) e Nigel (<strong>Stanley Tucci<\/strong>).<\/p>\n<p>Com dire\u00e7\u00e3o de <strong>David Frankel<\/strong>, \u201cO Diabo Veste Prada 2\u201d tem previs\u00e3o de estreia para <strong>1\u00ba de maio de 2026<\/strong> nos cinemas.<\/p>\n","protected":false},"excerpt":{"rendered":"Foto: Matt Winkelmeyer Parece que veremos mais de Lady Gaga em \u201cO Diabo Veste Prada 2\u201d do que&hellip;\n","protected":false},"author":2,"featured_media":124440,"comment_status":"","ping_status":"","sticky":false,"template":"","format":"standard","meta":{"footnotes":""},"categories":[141],"tags":[7556,7898,114,115,471,1277,4696,17160,5976,339,149,150,5003,5977,32,33,17178],"class_list":{"0":"post-124439","1":"post","2":"type-post","3":"status-publish","4":"format-standard","5":"has-post-thumbnail","7":"category-musica","8":"tag-anne-hathaway","9":"tag-emily-blunt","10":"tag-entertainment","11":"tag-entretenimento","12":"tag-filme","13":"tag-lady-gaga","14":"tag-lanu00e7amento","15":"tag-mayhem","16":"tag-meryl-streep","17":"tag-mu00fasica","18":"tag-music","19":"tag-musica","20":"tag-o-diabo-veste-prada","21":"tag-o-diabo-veste-prada-2","22":"tag-portugal","23":"tag-pt","24":"tag-stanley-tucci"},"share_on_mastodon":{"url":"https:\/\/pubeurope.com\/@pt\/115428935081614181","error":""},"_links":{"self":[{"href":"https:\/\/www.europesays.com\/pt\/wp-json\/wp\/v2\/posts\/124439","targetHints":{"allow":["GET"]}}],"collection":[{"href":"https:\/\/www.europesays.com\/pt\/wp-json\/wp\/v2\/posts"}],"about":[{"href":"https:\/\/www.europesays.com\/pt\/wp-json\/wp\/v2\/types\/post"}],"author":[{"embeddable":true,"href":"https:\/\/www.europesays.com\/pt\/wp-json\/wp\/v2\/users\/2"}],"replies":[{"embeddable":true,"href":"https:\/\/www.europesays.com\/pt\/wp-json\/wp\/v2\/comments?post=124439"}],"version-history":[{"count":0,"href":"https:\/\/www.europesays.com\/pt\/wp-json\/wp\/v2\/posts\/124439\/revisions"}],"wp:featuredmedia":[{"embeddable":true,"href":"https:\/\/www.europesays.com\/pt\/wp-json\/wp\/v2\/media\/124440"}],"wp:attachment":[{"href":"https:\/\/www.europesays.com\/pt\/wp-json\/wp\/v2\/media?parent=124439"}],"wp:term":[{"taxonomy":"category","embeddable":true,"href":"https:\/\/www.europesays.com\/pt\/wp-json\/wp\/v2\/categories?post=124439"},{"taxonomy":"post_tag","embeddable":true,"href":"https:\/\/www.europesays.com\/pt\/wp-json\/wp\/v2\/tags?post=124439"}],"curies":[{"name":"wp","href":"https:\/\/api.w.org\/{rel}","templated":true}]}}