{"id":124477,"date":"2025-10-24T12:04:30","date_gmt":"2025-10-24T12:04:30","guid":{"rendered":"https:\/\/www.europesays.com\/pt\/124477\/"},"modified":"2025-10-24T12:04:30","modified_gmt":"2025-10-24T12:04:30","slug":"as-4-opcoes-para-a-lateral-direita-do-benfica-apos-a-lesao-de-amar-dedic","status":"publish","type":"post","link":"https:\/\/www.europesays.com\/pt\/124477\/","title":{"rendered":"as 4 op\u00e7\u00f5es para a lateral direita do Benfica ap\u00f3s a les\u00e3o de Amar Dedic"},"content":{"rendered":"<p>&#8211; Advertisement &#8211;<\/p>\n<p>Amar Dedic saiu lesionado da partida entre o Benfica e o Newcastle United e <a href=\"https:\/\/bolanarede.pt\/especial-bola-na-rede\/atualidade\/benfica-divulga-pormenores-sobre-a-lesao-de-amar-dedic\/\" target=\"_blank\" rel=\"noreferrer noopener nofollow\">vai falhar as pr\u00f3ximas semanas de competi\u00e7\u00e3o<\/a>. O jogador b\u00f3snio \u00e9 visto por Jos\u00e9 Mourinho como um dos pilares fundamentais do onze inicial, mas ter\u00e1 de colocar um outro jogador na posi\u00e7\u00e3o de lateral direito.<\/p>\n<p>Alexander Bah, a principal alternativa, tamb\u00e9m est\u00e1 lesionado e por isso a solu\u00e7\u00e3o poder\u00e1 passar por uma adapta\u00e7\u00e3o, embora ainda exista outro lateral direito de raiz no plantel. Eis as quatro op\u00e7\u00f5es de Jos\u00e9 Mourinho.<\/p>\n<p><img fetchpriority=\"high\" decoding=\"async\" width=\"1024\" height=\"576\" src=\"data:image\/svg+xml,%3Csvg%20xmlns=\" http:=\"\" alt=\"Tom\u00e1s Ara\u00fajo\" class=\"wp-image-406990 ewww_webp_lazy_load\" data-lazy- data-lazy- data-lazy-src=\"https:\/\/www.europesays.com\/pt\/wp-content\/uploads\/2025\/10\/Tomas-Araujo-1024x576.jpg\" data-lazy-src-webp=\"https:\/\/www.europesays.com\/pt\/wp-content\/uploads\/2025\/10\/Tomas-Araujo-1024x576.jpg.webp\" data-lazy-srcset-webp=\"https:\/\/www.europesays.com\/pt\/wp-content\/uploads\/2025\/10\/Tomas-Araujo-1024x576.jpg.webp 1024w, https:\/\/binny-bolanarede.b-cdn.net\/wp-content\/uploads\/2025\/06\/Tomas-Araujo-300x169.jpg.webp 300w, https:\/\/binny-bolanarede.b-cdn.net\/wp-content\/uploads\/2025\/06\/Tomas-Araujo-768x432.jpg.webp 768w, https:\/\/binny-bolanarede.b-cdn.net\/wp-content\/uploads\/2025\/06\/Tomas-Araujo-1536x864.jpg.webp 1536w, https:\/\/binny-bolanarede.b-cdn.net\/wp-content\/uploads\/2025\/06\/Tomas-Araujo-150x84.jpg.webp 150w, https:\/\/binny-bolanarede.b-cdn.net\/wp-content\/uploads\/2025\/06\/Tomas-Araujo-696x392.jpg.webp 696w, https:\/\/binny-bolanarede.b-cdn.net\/wp-content\/uploads\/2025\/06\/Tomas-Araujo-1068x601.jpg.webp 1068w, https:\/\/binny-bolanarede.b-cdn.net\/wp-content\/uploads\/2025\/06\/Tomas-Araujo.jpg.webp 1920w\"\/>Fonte: Lu\u00eds Batista Ferreira \/ Bola na Rede<\/p>\n<p><strong>Tom\u00e1s Ara\u00fajo:<\/strong> Apesar de ser um defesa central de raiz, o portugu\u00eas j\u00e1 atuou em algumas ocasi\u00f5es na lateral direita e dever\u00e1 ser a principal op\u00e7\u00e3o para Jos\u00e9 Mourinho suprimir a aus\u00eancia do b\u00f3snio. Na presente temporada soma nove partidas, sem qualquer golo.<\/p>\n<p><img loading=\"lazy\" decoding=\"async\" width=\"1024\" height=\"576\" src=\"data:image\/svg+xml,%3Csvg%20xmlns=\" http:=\"\" alt=\"Fredrik Aursnes Benfica\" class=\"wp-image-427511 ewww_webp_lazy_load\" data-lazy- data-lazy- data-lazy-src=\"https:\/\/www.europesays.com\/pt\/wp-content\/uploads\/2025\/10\/Fredrik-Aursnes4-1024x576.jpg\" data-lazy-src-webp=\"https:\/\/www.europesays.com\/pt\/wp-content\/uploads\/2025\/10\/Fredrik-Aursnes4-1024x576.jpg.webp\" data-lazy-srcset-webp=\"https:\/\/www.europesays.com\/pt\/wp-content\/uploads\/2025\/10\/Fredrik-Aursnes4-1024x576.jpg.webp 1024w, https:\/\/binny-bolanarede.b-cdn.net\/wp-content\/uploads\/2025\/08\/Fredrik-Aursnes4-300x169.jpg.webp 300w, https:\/\/binny-bolanarede.b-cdn.net\/wp-content\/uploads\/2025\/08\/Fredrik-Aursnes4-768x432.jpg.webp 768w, https:\/\/binny-bolanarede.b-cdn.net\/wp-content\/uploads\/2025\/08\/Fredrik-Aursnes4-1536x864.jpg.webp 1536w, https:\/\/binny-bolanarede.b-cdn.net\/wp-content\/uploads\/2025\/08\/Fredrik-Aursnes4-150x84.jpg.webp 150w, https:\/\/binny-bolanarede.b-cdn.net\/wp-content\/uploads\/2025\/08\/Fredrik-Aursnes4-696x392.jpg.webp 696w, https:\/\/binny-bolanarede.b-cdn.net\/wp-content\/uploads\/2025\/08\/Fredrik-Aursnes4-1068x601.jpg.webp 1068w, https:\/\/binny-bolanarede.b-cdn.net\/wp-content\/uploads\/2025\/08\/Fredrik-Aursnes4.jpg.webp 1920w\"\/>Fonte: Pedro Barrelas\/Bola na Rede<\/p>\n<p><strong>Fredrik Aursnes:<\/strong> J\u00e1 vimos o noruegu\u00eas a atuar em praticamente todas as posi\u00e7\u00f5es do terreno e na lateral direita sempre cumpriu. \u00c9 um habitual titular para a equipa t\u00e9cnica mais \u00e0 frente do terreno, mas pode ser adaptado nos pr\u00f3ximos jogos. Em 2025\/26 leva 17 jogos, dois golos e duas assist\u00eancias.<\/p>\n<p><img loading=\"lazy\" decoding=\"async\" width=\"1024\" height=\"576\" src=\"data:image\/svg+xml,%3Csvg%20xmlns=\" http:=\"\" alt=\"Leandro Santos Benfica\" class=\"wp-image-371639 ewww_webp_lazy_load\" data-lazy- data-lazy- data-lazy-src=\"https:\/\/www.europesays.com\/pt\/wp-content\/uploads\/2025\/10\/Leandro-Santos-1024x576.jpg\" data-lazy-src-webp=\"https:\/\/www.europesays.com\/pt\/wp-content\/uploads\/2025\/10\/Leandro-Santos-1024x576.jpg.webp\" data-lazy-srcset-webp=\"https:\/\/www.europesays.com\/pt\/wp-content\/uploads\/2025\/10\/Leandro-Santos-1024x576.jpg.webp 1024w, https:\/\/binny-bolanarede.b-cdn.net\/wp-content\/uploads\/2025\/02\/Leandro-Santos-300x169.jpg.webp 300w, https:\/\/binny-bolanarede.b-cdn.net\/wp-content\/uploads\/2025\/02\/Leandro-Santos-768x432.jpg.webp 768w, https:\/\/binny-bolanarede.b-cdn.net\/wp-content\/uploads\/2025\/02\/Leandro-Santos-1536x864.jpg.webp 1536w, https:\/\/binny-bolanarede.b-cdn.net\/wp-content\/uploads\/2025\/02\/Leandro-Santos-150x84.jpg.webp 150w, https:\/\/binny-bolanarede.b-cdn.net\/wp-content\/uploads\/2025\/02\/Leandro-Santos-696x392.jpg.webp 696w, https:\/\/binny-bolanarede.b-cdn.net\/wp-content\/uploads\/2025\/02\/Leandro-Santos-1068x601.jpg.webp 1068w, https:\/\/binny-bolanarede.b-cdn.net\/wp-content\/uploads\/2025\/02\/Leandro-Santos.jpg.webp 1920w\"\/>Fonte: Paulo Ladeira\/Bola na Rede<\/p>\n<p><strong>Leandro Santos:<\/strong> O jogador \u00e9 um lateral direito natural e na \u00faltima \u00e9poca foi aposta de Bruno Lage, que o inseriu no plantel desta temporada. Ainda assim, n\u00e3o se estreou pela equipa A esta \u00e9poca, embora seja op\u00e7\u00e3o frequente para o banco de suplentes do Benfica.<\/p>\n<p><img loading=\"lazy\" decoding=\"async\" width=\"1024\" height=\"576\" src=\"data:image\/svg+xml,%3Csvg%20xmlns=\" http:=\"\" alt=\"Samuel Dahl Benfica\" class=\"wp-image-428679 ewww_webp_lazy_load\" data-lazy- data-lazy- data-lazy-src=\"https:\/\/www.europesays.com\/pt\/wp-content\/uploads\/2025\/10\/Samuel-Dahl-Benfica-1-1024x576.jpg\" data-lazy-src-webp=\"https:\/\/www.europesays.com\/pt\/wp-content\/uploads\/2025\/10\/Samuel-Dahl-Benfica-1-1024x576.jpg.webp\" data-lazy-srcset-webp=\"https:\/\/www.europesays.com\/pt\/wp-content\/uploads\/2025\/10\/Samuel-Dahl-Benfica-1-1024x576.jpg.webp 1024w, https:\/\/binny-bolanarede.b-cdn.net\/wp-content\/uploads\/2025\/08\/Samuel-Dahl-Benfica-1-300x169.jpg.webp 300w, https:\/\/binny-bolanarede.b-cdn.net\/wp-content\/uploads\/2025\/08\/Samuel-Dahl-Benfica-1-768x432.jpg.webp 768w, https:\/\/binny-bolanarede.b-cdn.net\/wp-content\/uploads\/2025\/08\/Samuel-Dahl-Benfica-1-1536x864.jpg.webp 1536w, https:\/\/binny-bolanarede.b-cdn.net\/wp-content\/uploads\/2025\/08\/Samuel-Dahl-Benfica-1-150x84.jpg.webp 150w, https:\/\/binny-bolanarede.b-cdn.net\/wp-content\/uploads\/2025\/08\/Samuel-Dahl-Benfica-1-696x392.jpg.webp 696w, https:\/\/binny-bolanarede.b-cdn.net\/wp-content\/uploads\/2025\/08\/Samuel-Dahl-Benfica-1-1068x601.jpg.webp 1068w, https:\/\/binny-bolanarede.b-cdn.net\/wp-content\/uploads\/2025\/08\/Samuel-Dahl-Benfica-1.jpg.webp 1920w\"\/>Fonte: Carlos Silva \/ Bola na Rede<\/p>\n<p><strong>Samuel Dahl:<\/strong> O sueco \u00e9 normalmente titular a lateral esquerdo, mas j\u00e1 desempenhou a posi\u00e7\u00e3o no carril contr\u00e1rio. Ainda assim, a sua adapta\u00e7\u00e3o levaria a que o defesa esquerdo tamb\u00e9m mudasse. O escandinavo soma esta temporada 16 partidas e uma assist\u00eancia.<\/p>\n","protected":false},"excerpt":{"rendered":"&#8211; Advertisement &#8211; Amar Dedic saiu lesionado da partida entre o Benfica e o Newcastle United e vai&hellip;\n","protected":false},"author":2,"featured_media":124478,"comment_status":"","ping_status":"","sticky":false,"template":"","format":"standard","meta":{"footnotes":""},"categories":[87],"tags":[18527,260,51,135,478,8754,28710,32,479,33,21566,134,4408],"class_list":{"0":"post-124477","1":"post","2":"type-post","3":"status-publish","4":"format-standard","5":"has-post-thumbnail","7":"category-desporto","8":"tag-amar-dedic","9":"tag-atualidade","10":"tag-benfica","11":"tag-desporto","12":"tag-destaques-bnr","13":"tag-fredrik-aursnes","14":"tag-leandro-santos","15":"tag-portugal","16":"tag-primeira-liga","17":"tag-pt","18":"tag-samuel-dahl","19":"tag-sports","20":"tag-tomas-araujo"},"share_on_mastodon":{"url":"https:\/\/pubeurope.com\/@pt\/115429052629626714","error":""},"_links":{"self":[{"href":"https:\/\/www.europesays.com\/pt\/wp-json\/wp\/v2\/posts\/124477","targetHints":{"allow":["GET"]}}],"collection":[{"href":"https:\/\/www.europesays.com\/pt\/wp-json\/wp\/v2\/posts"}],"about":[{"href":"https:\/\/www.europesays.com\/pt\/wp-json\/wp\/v2\/types\/post"}],"author":[{"embeddable":true,"href":"https:\/\/www.europesays.com\/pt\/wp-json\/wp\/v2\/users\/2"}],"replies":[{"embeddable":true,"href":"https:\/\/www.europesays.com\/pt\/wp-json\/wp\/v2\/comments?post=124477"}],"version-history":[{"count":0,"href":"https:\/\/www.europesays.com\/pt\/wp-json\/wp\/v2\/posts\/124477\/revisions"}],"wp:featuredmedia":[{"embeddable":true,"href":"https:\/\/www.europesays.com\/pt\/wp-json\/wp\/v2\/media\/124478"}],"wp:attachment":[{"href":"https:\/\/www.europesays.com\/pt\/wp-json\/wp\/v2\/media?parent=124477"}],"wp:term":[{"taxonomy":"category","embeddable":true,"href":"https:\/\/www.europesays.com\/pt\/wp-json\/wp\/v2\/categories?post=124477"},{"taxonomy":"post_tag","embeddable":true,"href":"https:\/\/www.europesays.com\/pt\/wp-json\/wp\/v2\/tags?post=124477"}],"curies":[{"name":"wp","href":"https:\/\/api.w.org\/{rel}","templated":true}]}}