{"id":124481,"date":"2025-10-24T12:07:46","date_gmt":"2025-10-24T12:07:46","guid":{"rendered":"https:\/\/www.europesays.com\/pt\/124481\/"},"modified":"2025-10-24T12:07:46","modified_gmt":"2025-10-24T12:07:46","slug":"nao-houve-encaixe-total-mas-houve-amassos","status":"publish","type":"post","link":"https:\/\/www.europesays.com\/pt\/124481\/","title":{"rendered":"\u201cN\u00e3o houve encaixe total, mas houve amassos\u201d"},"content":{"rendered":"<p>Expulsa na gala de domingo, Joana regressou esta quarta-feira, 22 de outubro, ao \u201cDi\u00e1rio da <a href=\"https:\/\/dioguinho.com\/category\/casa-dos-segredos\/\" rel=\"nofollow noopener\" target=\"_blank\">Casa dos Segredos<\/a>\u201d para comentar os \u00faltimos acontecimentos da casa mais vigiada do pa\u00eds.<\/p>\n<p>O que era para ser uma conversa descontra\u00edda transformou-se rapidamente num momento embara\u00e7oso, e viral.<\/p>\n<p>Tudo come\u00e7ou quando In\u00eas Morais, sem se aperceber de que o microfone j\u00e1 estava ligado, lan\u00e7ou a pergunta que pairava no ar h\u00e1 dias: teria havido envolvimento sexual entre Liliana e F\u00e1bio? <strong>Joana, num tom espont\u00e2neo e sem filtros, respondeu,<\/strong> <strong>\u201cN\u00e3o houve diretamente, mas houve uns amassos. Os barulhos noturnos d\u00e3o que falar.\u201d<\/strong><\/p>\n<p>O momento apanhou todos de surpresa, incluindo a pr\u00f3pria ex-concorrente, que s\u00f3 mais tarde se apercebeu de que estava em direto. Ainda assim, incentivada pelos comentadores, acabou por revelar mais detalhes sobre o que ouviu durante as madrugadas na casa,<strong> \u201cInfelizmente, eu ouvi coisas. Quando ouvimos a Voz a dizer o sinal de consentimento, eu acho que aquilo deve ter baixado\u201d,<\/strong> contou Joana, entre risos e algum embara\u00e7o.<\/p>\n<p>Ainda descreveu o ambiente que se viveu naquela noite,<strong> \u201cEsperaram que voltasse tudo novamente a dormir, mas eu demoro bastante a adormecer e l\u00e1 come\u00e7\u00e1mos a ouvir uns barulhinhos. Eu acho que n\u00e3o foi ao encaixe total, mas houve ali umas car\u00edcias de ambas as partes s\u00f3 para se satisfazerem\u201d<\/strong>, confidenciou, deixando o est\u00fadio entre o espanto e o riso.<\/p>\n<blockquote class=\"wp-embedded-content\" data-secret=\"mjIjwNDQCD\">\n<p><a href=\"https:\/\/dioguinho.com\/ze-noivo-voltar-a-relacao-seria-impensavel-completamente\/\" rel=\"nofollow noopener\" target=\"_blank\">Z\u00e9 Noivo: \u201cVoltar \u00e0 rela\u00e7\u00e3o seria impens\u00e1vel completamente\u201d<\/a><\/p>\n<\/blockquote>\n","protected":false},"excerpt":{"rendered":"Expulsa na gala de domingo, Joana regressou esta quarta-feira, 22 de outubro, ao \u201cDi\u00e1rio da Casa dos Segredos\u201d&hellip;\n","protected":false},"author":2,"featured_media":124482,"comment_status":"","ping_status":"","sticky":false,"template":"","format":"standard","meta":{"footnotes":""},"categories":[85],"tags":[2632,13471,20079,114,115,32,33,6985,16686,28020,20081,20082,162],"class_list":{"0":"post-124481","1":"post","2":"type-post","3":"status-publish","4":"format-standard","5":"has-post-thumbnail","7":"category-entretenimento","8":"tag-casa-dos-segredos","9":"tag-casa-dos-segredos-9","10":"tag-concorrentes-casa-dos-segredos","11":"tag-entertainment","12":"tag-entretenimento","13":"tag-portugal","14":"tag-pt","15":"tag-secret-story-casa-dos-segredos","16":"tag-secret-story-9","17":"tag-secret-story-ranking","18":"tag-sondagem-casa-dos-segredos","19":"tag-sondagens-casa-dos-segredos","20":"tag-tvi"},"share_on_mastodon":{"url":"https:\/\/pubeurope.com\/@pt\/115429064261886393","error":""},"_links":{"self":[{"href":"https:\/\/www.europesays.com\/pt\/wp-json\/wp\/v2\/posts\/124481","targetHints":{"allow":["GET"]}}],"collection":[{"href":"https:\/\/www.europesays.com\/pt\/wp-json\/wp\/v2\/posts"}],"about":[{"href":"https:\/\/www.europesays.com\/pt\/wp-json\/wp\/v2\/types\/post"}],"author":[{"embeddable":true,"href":"https:\/\/www.europesays.com\/pt\/wp-json\/wp\/v2\/users\/2"}],"replies":[{"embeddable":true,"href":"https:\/\/www.europesays.com\/pt\/wp-json\/wp\/v2\/comments?post=124481"}],"version-history":[{"count":0,"href":"https:\/\/www.europesays.com\/pt\/wp-json\/wp\/v2\/posts\/124481\/revisions"}],"wp:featuredmedia":[{"embeddable":true,"href":"https:\/\/www.europesays.com\/pt\/wp-json\/wp\/v2\/media\/124482"}],"wp:attachment":[{"href":"https:\/\/www.europesays.com\/pt\/wp-json\/wp\/v2\/media?parent=124481"}],"wp:term":[{"taxonomy":"category","embeddable":true,"href":"https:\/\/www.europesays.com\/pt\/wp-json\/wp\/v2\/categories?post=124481"},{"taxonomy":"post_tag","embeddable":true,"href":"https:\/\/www.europesays.com\/pt\/wp-json\/wp\/v2\/tags?post=124481"}],"curies":[{"name":"wp","href":"https:\/\/api.w.org\/{rel}","templated":true}]}}