{"id":124496,"date":"2025-10-24T12:22:08","date_gmt":"2025-10-24T12:22:08","guid":{"rendered":"https:\/\/www.europesays.com\/pt\/124496\/"},"modified":"2025-10-24T12:22:08","modified_gmt":"2025-10-24T12:22:08","slug":"federacao-portuguesa-nao-sabe-quem-e-hanna-caldas-mas-caso-da-nadadora-transgenero-de-vizela-e-destaque-na-imprensa-internacional","status":"publish","type":"post","link":"https:\/\/www.europesays.com\/pt\/124496\/","title":{"rendered":"Federa\u00e7\u00e3o portuguesa n\u00e3o sabe quem \u00e9 Hanna Caldas, mas caso da nadadora transg\u00e9nero de Vizela \u00e9 destaque na imprensa internacional"},"content":{"rendered":"<p><img decoding=\"async\" fetchpriority=\"high\" width=\"457\" height=\"777\" src=\"https:\/\/www.europesays.com\/pt\/wp-content\/uploads\/2025\/10\/hannah.caldas2.facebook.jpg\" alt=\"\" class=\"wp-image-850743\"\/><\/p>\n<p>O caso da nadadora transg\u00e9nero Hannah Caldas tem dado que falar na imprensa internacional. <\/p>\n<p>\u201cA nadadora transg\u00e9nero Hannah Caldas recebeu uma suspens\u00e3o de cinco anos e foi desclassificada de todos os resultados competitivos entre junho de 2022 e outubro de 2024 pela World Aquatics por supostamente recusar fazer um teste de verifica\u00e7\u00e3o de g\u00e9nero\u201d, destacou o New York Post. <\/p>\n<p>Tamb\u00e9m a Fox News escreve que a nadadora \u201cesteve no centro de uma controv\u00e9rsia\u201d ao ser banida da World Aquatics at\u00e9 2030. <\/p>\n<p>J\u00e1 o Daily Mail destacou que Hannah Caldas obteve uma \u201csuspens\u00e3o de cinco anos por recusar fazer teste de sexo\u2026 meses depois de derrotar as rivais femininas no US Masters\u201d.<\/p>\n<p>O assunto tem tamb\u00e9m destaque em publica\u00e7\u00f5es espanholas, brasileiras e at\u00e9 australianas.<\/p>\n<p>Confrontada com a pol\u00e9mica e o mediatismo \u00e0 volta de Hanna Caldas, a Federa\u00e7\u00e3o Portuguesa de Nata\u00e7\u00e3o (FPN) diz n\u00e3o saber quem \u00e9 a atleta. <\/p>\n<p>Numa resposta ao jornal A Bola, o presidente da FPN Miguel Arrobas informou que na plataforma de filia\u00e7\u00e3o de atletas da FPN \u2018FPN System\u2019 n\u00e3o existe qualquer registo de uma nadadora com o nome veiculado nas not\u00edcias,  desde que esta plataforma existe.<\/p>\n<p>Sublinhe-se que assim que a suspens\u00e3o de Hannah Caldas foi tornada p\u00fablica, a New York Aquatics, que representa a nadadora, emitiu um comunicado no qual refere que a World Aquatics exigiu que a atleta realizasse, a expensas pr\u00f3prias, um teste gen\u00e9tico para \u201cprovar\u201d conformidade com as regras de g\u00e9nero da organiza\u00e7\u00e3o, mesmo depois de a atleta ter apresentado a sua certid\u00e3o de nascimento, onde \u00e9 identificada como mulher.<\/p>\n<p>A nadadora tamb\u00e9m j\u00e1 reagiu. \u201cTestes cromoss\u00f3micos s\u00e3o procedimentos invasivos e caros. O meu seguro recusa-se a cobrir esse tipo de teste porque n\u00e3o \u00e9 medicamente necess\u00e1rio. Nenhum estado dos EUA exige testes gen\u00e9ticos para eventos desportivos recreativos como estes. Nem mesmo a U.S. Masters Swimming, o \u00f3rg\u00e3o nacional respons\u00e1vel pela nata\u00e7\u00e3o recreativa para adultos nos EUA, imp\u00f5e tal exig\u00eancia para qualquer uma das suas competi\u00e7\u00f5es\u201d, sublinhou.<\/p>\n<p>\u201cSe uma suspens\u00e3o de cinco anos \u00e9 o pre\u00e7o que devo pagar para proteger a minha informa\u00e7\u00e3o m\u00e9dica mais \u00edntima, ent\u00e3o \u00e9 um pre\u00e7o que estou disposta a pagar \u2014 por mim e por todas as outras mulheres que n\u00e3o querem submeter-se a testes m\u00e9dicos altamente invasivos apenas para nadar numa competi\u00e7\u00e3o recreativa de veteranos\u201d, acrescentou.<\/p>\n<p>Nos Estados Unidos, a U.S. Masters Swimming \u2014 entidade que regula a nata\u00e7\u00e3o recreativa para adultos \u2014 chegou a declarar Hannah Caldas eleg\u00edvel para competir na categoria feminina, mas a decis\u00e3o n\u00e3o teve qualquer impacto na san\u00e7\u00e3o imposta pela World Aquatics.<\/p>\n","protected":false},"excerpt":{"rendered":"O caso da nadadora transg\u00e9nero Hannah Caldas tem dado que falar na imprensa internacional. \u201cA nadadora transg\u00e9nero Hannah&hellip;\n","protected":false},"author":2,"featured_media":124497,"comment_status":"","ping_status":"","sticky":false,"template":"","format":"standard","meta":{"footnotes":""},"categories":[87],"tags":[135,28400,2220,32,33,134],"class_list":{"0":"post-124496","1":"post","2":"type-post","3":"status-publish","4":"format-standard","5":"has-post-thumbnail","7":"category-desporto","8":"tag-desporto","9":"tag-hannah-caldas","10":"tag-natacao","11":"tag-portugal","12":"tag-pt","13":"tag-sports"},"share_on_mastodon":{"url":"","error":""},"_links":{"self":[{"href":"https:\/\/www.europesays.com\/pt\/wp-json\/wp\/v2\/posts\/124496","targetHints":{"allow":["GET"]}}],"collection":[{"href":"https:\/\/www.europesays.com\/pt\/wp-json\/wp\/v2\/posts"}],"about":[{"href":"https:\/\/www.europesays.com\/pt\/wp-json\/wp\/v2\/types\/post"}],"author":[{"embeddable":true,"href":"https:\/\/www.europesays.com\/pt\/wp-json\/wp\/v2\/users\/2"}],"replies":[{"embeddable":true,"href":"https:\/\/www.europesays.com\/pt\/wp-json\/wp\/v2\/comments?post=124496"}],"version-history":[{"count":0,"href":"https:\/\/www.europesays.com\/pt\/wp-json\/wp\/v2\/posts\/124496\/revisions"}],"wp:featuredmedia":[{"embeddable":true,"href":"https:\/\/www.europesays.com\/pt\/wp-json\/wp\/v2\/media\/124497"}],"wp:attachment":[{"href":"https:\/\/www.europesays.com\/pt\/wp-json\/wp\/v2\/media?parent=124496"}],"wp:term":[{"taxonomy":"category","embeddable":true,"href":"https:\/\/www.europesays.com\/pt\/wp-json\/wp\/v2\/categories?post=124496"},{"taxonomy":"post_tag","embeddable":true,"href":"https:\/\/www.europesays.com\/pt\/wp-json\/wp\/v2\/tags?post=124496"}],"curies":[{"name":"wp","href":"https:\/\/api.w.org\/{rel}","templated":true}]}}