{"id":124508,"date":"2025-10-24T12:33:42","date_gmt":"2025-10-24T12:33:42","guid":{"rendered":"https:\/\/www.europesays.com\/pt\/124508\/"},"modified":"2025-10-24T12:33:42","modified_gmt":"2025-10-24T12:33:42","slug":"a-jornada-de-uma-familia-pela-sobrevivencia","status":"publish","type":"post","link":"https:\/\/www.europesays.com\/pt\/124508\/","title":{"rendered":"A jornada de uma fam\u00edlia pela sobreviv\u00eancia"},"content":{"rendered":"<p>Livro acompanha a trajet\u00f3ria da fam\u00edlia Martel ao decidir entre dois inimigos para alcan\u00e7ar a liberdade e realizar seus sonhos<\/p>\n<p><img loading=\"lazy\" decoding=\"async\" src=\"https:\/\/www.europesays.com\/pt\/wp-content\/uploads\/2025\/10\/QwlaZMtY8SAp2wauNZAhPhSfq10m6Qfqd92nad7voTWlq4z7vs16QAi07kKpbTHTWaMNpukWF7ALyGG8.png\" width=\"126\" height=\"193\" \/>Escrito por Mark Sullivan, O \u00faltimo vale verdejante (<a href=\"https:\/\/www.publishnews.com.br\/etiquetas\/planeta\" rel=\"nofollow noopener\" target=\"_blank\">Planeta<\/a>, 448 pp, R$ 89,90 \u2013 Trad.: D\u00e9bora Isidoro) \u00e9 baseado em um relato real do final da Segunda Guerra, e segue a fam\u00edlia Martel em sua jornada para sobreviver ao final do conflito mortal e \u00e0s condi\u00e7\u00f5es dif\u00edceis que foram impostas a eles. Em mar\u00e7o de 1944, enquanto as for\u00e7as de St\u00e1lin avan\u00e7am pela Ucr\u00e2nia, Emil e Adeline Martel enfrentam uma escolha imposs\u00edvel: esperar pela invas\u00e3o sovi\u00e9tica e arriscar serem enviados para a Sib\u00e9ria, ou fugir com os nazistas \u2014 oficiais brutais que prometem proteger os alem\u00e3es de \u201csangue puro\u201d. Em busca de liberdade e de um futuro melhor, eles decidem abandonar sua terra e, mesmo contra a vontade, fugir ao lado dos nazistas que desprezam. Entre dois ex\u00e9rcitos inimigos e enfrentando desafios devastadores, a jornada dos Martel \u00e9 ao mesmo tempo dura e inspiradora: uma hist\u00f3ria de amor, f\u00e9 e da incr\u00edvel for\u00e7a de uma fam\u00edlia para sobreviver e realizar seus sonhos.<\/p>\n","protected":false},"excerpt":{"rendered":"Livro acompanha a trajet\u00f3ria da fam\u00edlia Martel ao decidir entre dois inimigos para alcan\u00e7ar a liberdade e realizar&hellip;\n","protected":false},"author":2,"featured_media":17657,"comment_status":"","ping_status":"","sticky":false,"template":"","format":"standard","meta":{"footnotes":"","_share_on_mastodon":"0"},"categories":[143],"tags":[868,877,867,169,869,872,873,880,114,115,874,870,875,878,879,864,876,237,871,170,865,866,13,32,33],"class_list":["post-124508","post","type-post","status-publish","format-standard","has-post-thumbnail","category-livros","tag-best-seller","tag-biblioteca","tag-bienal-do-livro","tag-books","tag-clipping","tag-e-book","tag-ebook","tag-editora","tag-entertainment","tag-entretenimento","tag-escritor","tag-eventos","tag-festival-literario","tag-lancamentos","tag-leitura","tag-literatura","tag-livraria","tag-livro","tag-livro-digital","tag-livros","tag-mercado-editorial","tag-mercado-livreiro","tag-noticias","tag-portugal","tag-pt"],"share_on_mastodon":{"url":"https:\/\/pubeurope.com\/@pt\/115429166823204968","error":""},"_links":{"self":[{"href":"https:\/\/www.europesays.com\/pt\/wp-json\/wp\/v2\/posts\/124508","targetHints":{"allow":["GET"]}}],"collection":[{"href":"https:\/\/www.europesays.com\/pt\/wp-json\/wp\/v2\/posts"}],"about":[{"href":"https:\/\/www.europesays.com\/pt\/wp-json\/wp\/v2\/types\/post"}],"author":[{"embeddable":true,"href":"https:\/\/www.europesays.com\/pt\/wp-json\/wp\/v2\/users\/2"}],"replies":[{"embeddable":true,"href":"https:\/\/www.europesays.com\/pt\/wp-json\/wp\/v2\/comments?post=124508"}],"version-history":[{"count":0,"href":"https:\/\/www.europesays.com\/pt\/wp-json\/wp\/v2\/posts\/124508\/revisions"}],"wp:featuredmedia":[{"embeddable":true,"href":"https:\/\/www.europesays.com\/pt\/wp-json\/wp\/v2\/media\/17657"}],"wp:attachment":[{"href":"https:\/\/www.europesays.com\/pt\/wp-json\/wp\/v2\/media?parent=124508"}],"wp:term":[{"taxonomy":"category","embeddable":true,"href":"https:\/\/www.europesays.com\/pt\/wp-json\/wp\/v2\/categories?post=124508"},{"taxonomy":"post_tag","embeddable":true,"href":"https:\/\/www.europesays.com\/pt\/wp-json\/wp\/v2\/tags?post=124508"}],"curies":[{"name":"wp","href":"https:\/\/api.w.org\/{rel}","templated":true}]}}