{"id":124521,"date":"2025-10-24T12:46:09","date_gmt":"2025-10-24T12:46:09","guid":{"rendered":"https:\/\/www.europesays.com\/pt\/124521\/"},"modified":"2025-10-24T12:46:09","modified_gmt":"2025-10-24T12:46:09","slug":"80-anos-da-onu-devia-ser-um-momento-de-celebracao-mas-nao-me-parece-uma-celebracao-se-olharmos-para-o-mundo-rtp","status":"publish","type":"post","link":"https:\/\/www.europesays.com\/pt\/124521\/","title":{"rendered":"80 anos da ONU. &quot;Devia ser um momento de celebra\u00e7\u00e3o, mas n\u00e3o me parece uma celebra\u00e7\u00e3o se olharmos para o mundo&quot; &#8211; RTP"},"content":{"rendered":"<ol>\n<li><a href=\"https:\/\/news.google.com\/rss\/articles\/CBMi5AFBVV95cUxPN1BVM1RqdDBkUE1Gb3d0RHN1LW1QdnpYdUhnMW1VLUZRd0owUjVtOGoxVEFxdFkzT2lTQlR5aWxkUEVpN3lVUktuUDAwUG9IbExaSHVKM2pqd25EaFpGaUdSVlhqeWo3cXFiTzNQdm0zUmdhcFRaQ2lhbFd3bmVpTWE1TGdTZGhuTTRXNFYzRGZSVWU3X1Brek5qUkpnQS1BaU5JOXJLNlFZX0pBS2hfT1AxM09kYU5zWDV4eFl2UXI3Y2FFR3UxYmFMdUo1UzI0NHEzRVRmU2R1ZmNIeWxlZXd6Z2k?oc=5\" target=\"_blank\" rel=\"nofollow noopener\">80 anos da ONU. &#8220;Devia ser um momento de celebra\u00e7\u00e3o, mas n\u00e3o me parece uma celebra\u00e7\u00e3o se olharmos para o mundo&#8221;<\/a>&nbsp;&nbsp;RTP<\/li>\n<li><a href=\"https:\/\/news.google.com\/rss\/articles\/CBMiZ0FVX3lxTE5lWjMxVXo4c2dLaTRZQ2x0VkZFaV8yWU1XV0hiaFVFWFJ3YXFzc1c3YlRfdUt6WmpnNjNCZXVGZVdjZ09UTGtGNDlERmNHQldUZmRmRWd6UFpBaW5hM2UxdVYtTlRnZ2c?oc=5\" target=\"_blank\" rel=\"nofollow noopener\">Para que serve a ONU?<\/a>&nbsp;&nbsp;Estad\u00e3o<\/li>\n<li><a href=\"https:\/\/news.google.com\/rss\/articles\/CBMi7AFBVV95cUxOTGxQeDdRWV9GdTlTQmVjbTZmNWFvYWNnN1pMQVdUNEQzQ2oyaVNlRlVHV1o0V1B0QzlTWFY2VEIzaXpnM2VaVzZLRl85UUJIT2lUX0N6ZzBPMXVjN1htTjByNms5ZDlwQWpWb1QyRTF1dkdZLURpcnQzSGFoSEQ2c2huTGVJUDlOUHlmVGF4cHUzS19JSkxtRjhyUmxPM0FPVFdRTHZKQzRDaTFMemRaZjh0X3Jtdks4ejBwU2NIN2JCNHBTVmszSEZrMU15R2FSOE9rZGR1Zl93dmpZT1Fmem9hMG5Db1FrMzdRUtIB-wFBVV95cUxQUXh4cjljZENDN3ZNeVhTeVdKSHFJWDNQQ2JLSWhUOWxmSGEyN0pKbmwtN3prLXlEMnB1SUgwTjFpamozMWVzT052TlR0TzN1ME9saF9DV0JvQWIwRWdxVXpRRVo4ZjBzNHZycEhfb2RscHBaLWpUT1V1czM0dmdsMmJDT2lkR21DcHpoVk9ra2VfVkhicEdzS2h4QkZldXBXRkktV0lUUUNod18xdGFsdl94RVZMUnlERi1wSXAta3FRNjRMci1ycElRcDFQQlRCT2dIT3hKalcyTDRWazU5Mk1XQUZkWjk1WTVfRWdkVFdySTVlTzZVVXlnOA?oc=5\" target=\"_blank\" rel=\"nofollow noopener\">&#8216;Estamos em meio a uma tentativa de remodela\u00e7\u00e3o&#8217;, diz embaixador sobre 80 anos da ONU<\/a>&nbsp;&nbsp;CBN<\/li>\n<li><a href=\"https:\/\/news.google.com\/rss\/articles\/CBMiqwFBVV95cUxOZFFtbWZBX1k5enNwUElDMVhsX2NVVjA5aWp2NzNaNkw5MTNUNmNLX0tnN2xXUl9nUldFUVFBMDRFdXJwU3V6QU40TktpQnVya2FyOWNsejZuXzB4T1NiMG9TOWxwdXhCdGgtMlhfY2hNNFdmNzdBcEFhd2JNakduWjVLVnF5Z1FNMDNsaGhFQlJuaGJBdHZyUGc2dWVSLVRCMkQyRU9qUlBzc1U?oc=5\" target=\"_blank\" rel=\"nofollow noopener\">ONU chega aos 80 anos com desafios, mas ainda indispens\u00e1vel<\/a>&nbsp;&nbsp;Poder360<\/li>\n<li><a href=\"https:\/\/news.google.com\/rss\/articles\/CBMi2wFBVV95cUxOLUhwMG1RZlNyMGpCU3dZX3VaNjNZeTZzWk50SVREVUVKTXZqSFFDMkZtUXQwSHctUGhaWGFUaHhRU1gtNXFaUFlzTFhUS0E0dnA5WjNwM0hLLUZ6N0gyaXVUbUhzdjV3enMzZFVZRWhQZ0JfbnN0ZjlBRE9IOVFhWVVPclpTOWRKYXk3UGg2MWx6R0xaWkg2WDFyNHRKZHRQdDFhU1BwaldSR2lPcElUaWJrU0JWVDZGVWw1SFhQTV9QTUk5YTJtZ0xOWVM3SmphRmU3Q1B3eE82eEk?oc=5\" target=\"_blank\" rel=\"nofollow noopener\">Exibi\u00e7\u00e3o na ONU apresenta vidas transformadas desde cria\u00e7\u00e3o da organiza\u00e7\u00e3o<\/a>&nbsp;&nbsp;UOL Not\u00edcias<\/li>\n<\/ol>\n","protected":false},"excerpt":{"rendered":"80 anos da ONU. &#8220;Devia ser um momento de celebra\u00e7\u00e3o, mas n\u00e3o me parece uma celebra\u00e7\u00e3o se olharmos&hellip;\n","protected":false},"author":2,"featured_media":124522,"comment_status":"","ping_status":"","sticky":false,"template":"","format":"standard","meta":{"footnotes":""},"categories":[50],"tags":[20878,16073,27,28,10415,15,16,14,25,26,21,22,62,12,13,19,20,910,3281,23,24,17,18,29,30,31,63,64,65],"class_list":{"0":"post-124521","1":"post","2":"type-post","3":"status-publish","4":"format-standard","5":"has-post-thumbnail","7":"category-mundo","8":"tag-annalena-baerbock","9":"tag-assembleia-geral","10":"tag-breaking-news","11":"tag-breakingnews","12":"tag-carta","13":"tag-featured-news","14":"tag-featurednews","15":"tag-headlines","16":"tag-latest-news","17":"tag-latestnews","18":"tag-main-news","19":"tag-mainnews","20":"tag-mundo","21":"tag-news","22":"tag-noticias","23":"tag-noticias-principais","24":"tag-noticiasprincipais","25":"tag-onu","26":"tag-presidente","27":"tag-principais-noticias","28":"tag-principaisnoticias","29":"tag-top-stories","30":"tag-topstories","31":"tag-ultimas","32":"tag-ultimas-noticias","33":"tag-ultimasnoticias","34":"tag-world","35":"tag-world-news","36":"tag-worldnews"},"share_on_mastodon":{"url":"","error":"Validation failed: Text character limit of 500 exceeded"},"_links":{"self":[{"href":"https:\/\/www.europesays.com\/pt\/wp-json\/wp\/v2\/posts\/124521","targetHints":{"allow":["GET"]}}],"collection":[{"href":"https:\/\/www.europesays.com\/pt\/wp-json\/wp\/v2\/posts"}],"about":[{"href":"https:\/\/www.europesays.com\/pt\/wp-json\/wp\/v2\/types\/post"}],"author":[{"embeddable":true,"href":"https:\/\/www.europesays.com\/pt\/wp-json\/wp\/v2\/users\/2"}],"replies":[{"embeddable":true,"href":"https:\/\/www.europesays.com\/pt\/wp-json\/wp\/v2\/comments?post=124521"}],"version-history":[{"count":0,"href":"https:\/\/www.europesays.com\/pt\/wp-json\/wp\/v2\/posts\/124521\/revisions"}],"wp:featuredmedia":[{"embeddable":true,"href":"https:\/\/www.europesays.com\/pt\/wp-json\/wp\/v2\/media\/124522"}],"wp:attachment":[{"href":"https:\/\/www.europesays.com\/pt\/wp-json\/wp\/v2\/media?parent=124521"}],"wp:term":[{"taxonomy":"category","embeddable":true,"href":"https:\/\/www.europesays.com\/pt\/wp-json\/wp\/v2\/categories?post=124521"},{"taxonomy":"post_tag","embeddable":true,"href":"https:\/\/www.europesays.com\/pt\/wp-json\/wp\/v2\/tags?post=124521"}],"curies":[{"name":"wp","href":"https:\/\/api.w.org\/{rel}","templated":true}]}}