{"id":124525,"date":"2025-10-24T12:50:07","date_gmt":"2025-10-24T12:50:07","guid":{"rendered":"https:\/\/www.europesays.com\/pt\/124525\/"},"modified":"2025-10-24T12:50:07","modified_gmt":"2025-10-24T12:50:07","slug":"policia-encontra-em-madrid-quadro-de-picasso-desaparecido-ha-mais-de-duas-semanas","status":"publish","type":"post","link":"https:\/\/www.europesays.com\/pt\/124525\/","title":{"rendered":"Pol\u00edcia encontra em Madrid quadro de Picasso desaparecido h\u00e1 mais de duas semanas"},"content":{"rendered":"<p>\t                Autoridades acreditam que o quadro n\u00e3o chegou a ser transportado da capital para o centro cultural de Granada, como estava previsto<\/p>\n<p>A pol\u00edcia espanhola encontrou em Madrid o quadro de Pablo Picasso que estava desaparecido desde o passado dia 3 de outubro, dia em que deveria ter sido transferido da capital para uma exposi\u00e7\u00e3o em Granada.<\/p>\n<p><a href=\"https:\/\/elpais.com\/cultura\/2025-10-24\/la-policia-halla-un-cuadro-en-madrid-que-podria-ser-el-picasso-desaparecido-recientemente.html\" target=\"_blank\" rel=\"nofollow noopener\">De acordo com o jornal El Pa\u00eds<\/a>, a pol\u00edcia acredita que a obra &#8220;Natureza morta com guitarra&#8221;, datada de 1919, n\u00e3o chegou sequer a entrar no cami\u00e3o que faria o transporte de um conjunto de obras de arte da capital para o Centro Cultural\u00a0CajaGranada.<\/p>\n<blockquote class=\"twitter-tweet\">\n<p lang=\"es\">Recuperado el <a href=\"https:\/\/twitter.com\/hashtag\/Picasso?src=hash&amp;ref_src=twsrc%5Etfw\" rel=\"nofollow noopener\" target=\"_blank\">#Picasso<\/a> \ud83d\uddbc desaparecido en su traslado a una exposici\u00f3n en <a href=\"https:\/\/twitter.com\/hashtag\/Granada?src=hash&amp;ref_src=twsrc%5Etfw\" rel=\"nofollow noopener\" target=\"_blank\">#Granada<\/a><\/p>\n<p>Podr\u00eda no haber llegado a subir al cami\u00f3n de transporte<\/p>\n<p>La Brigada de Patrimonio Hist\u00f3rico de <a href=\"https:\/\/twitter.com\/policia?ref_src=twsrc%5Etfw\" rel=\"nofollow noopener\" target=\"_blank\">@policia<\/a> mantiene abierta la investigaci\u00f3n una vez que agentes de Polic\u00eda Cient\u00edfica han\u2026 <a href=\"https:\/\/t.co\/lb5jN8tFvI\" rel=\"nofollow\">pic.twitter.com\/lb5jN8tFvI<\/a><\/p>\n<p> \u2014 Polic\u00eda Nacional (@policia) <a href=\"https:\/\/twitter.com\/policia\/status\/1981643220586016910?ref_src=twsrc%5Etfw\" rel=\"nofollow noopener\" target=\"_blank\">October 24, 2025<\/a>\n<\/p><\/blockquote>\n<p>A pol\u00edcia investigava o desaparecimento da obra desde dia 10, quando a funda\u00e7\u00e3o\u00a0CajaGranada formalizou a den\u00fancia \u00e0s autoridades, depois de verificar que o respetivo quadro, avaliado em 600 mil euros, n\u00e3o estava entre as obras que tinham sido transferidas de Madrid para a exposi\u00e7\u00e3o\u00a0&#8216;Bodeg\u00f3n. A eternidade dos inertes&#8217;, no centro cultural em Granada.<\/p>\n<p>Segundo aquela funda\u00e7\u00e3o, o quadro estava guardado desde o dia 25 de setembro para ser transferido, no dia 3, com outras 56 obras para aquela exposi\u00e7\u00e3o, planeada para o dia 6 de outubro. Uma vez que &#8220;nem todas as obras estaam devidamente enumeradas, n\u00e3o era poss\u00edvel fazer um controlo exaustivo sem as desembalar&#8221;, explica a funda\u00e7\u00e3o, citada pelo El Pa\u00eds. S\u00f3 depois desse processo se verificou que a obra n\u00e3o estava inclu\u00edda no transporte.<\/p>\n<p>Depois da den\u00fancia, a pol\u00edcia come\u00e7ou a investigar, tendo inclusive registado o quadro numa base de dados da Interpol para obras de arte furtadas ou desaparcidas, que cont\u00e9m descri\u00e7\u00f5es e imagens de mais de 57 mil objetos.<\/p>\n<p>\t            <script async src=\"https:\/\/platform.twitter.com\/widgets.js\" charset=\"utf-8\"><\/script><\/p>\n","protected":false},"excerpt":{"rendered":"Autoridades acreditam que o quadro n\u00e3o chegou a ser transportado da capital para o centro cultural de Granada,&hellip;\n","protected":false},"author":2,"featured_media":124526,"comment_status":"","ping_status":"","sticky":false,"template":"","format":"standard","meta":{"footnotes":""},"categories":[144],"tags":[609,836,611,207,205,206,203,201,202,27,607,608,333,832,604,204,135,610,476,114,115,301,830,603,570,831,833,62,28715,834,13,835,26685,602,11947,52,32,33,28714,29],"class_list":{"0":"post-124525","1":"post","2":"type-post","3":"status-publish","4":"format-standard","5":"has-post-thumbnail","7":"category-arte-e-design","8":"tag-alerta","9":"tag-analise","10":"tag-ao-minuto","11":"tag-arte","12":"tag-arte-e-design","13":"tag-artedesign","14":"tag-arts","15":"tag-arts-and-design","16":"tag-artsanddesign","17":"tag-breaking-news","18":"tag-cnn","19":"tag-cnn-portugal","20":"tag-comentadores","21":"tag-costa","22":"tag-crime","23":"tag-design","24":"tag-desporto","25":"tag-direto","26":"tag-economia","27":"tag-entertainment","28":"tag-entretenimento","29":"tag-governo","30":"tag-guerra","31":"tag-justica","32":"tag-live","33":"tag-mais-vistas","34":"tag-marcelo","35":"tag-mundo","36":"tag-natureza-morta-com-guitarra","37":"tag-negocios","38":"tag-noticias","39":"tag-opiniao","40":"tag-pablo-picasso","41":"tag-pais","42":"tag-picasso","43":"tag-politica","44":"tag-portugal","45":"tag-pt","46":"tag-quadro-de-picasso-desaparecido","47":"tag-ultimas"},"share_on_mastodon":{"url":"","error":"Validation failed: Text character limit of 500 exceeded"},"_links":{"self":[{"href":"https:\/\/www.europesays.com\/pt\/wp-json\/wp\/v2\/posts\/124525","targetHints":{"allow":["GET"]}}],"collection":[{"href":"https:\/\/www.europesays.com\/pt\/wp-json\/wp\/v2\/posts"}],"about":[{"href":"https:\/\/www.europesays.com\/pt\/wp-json\/wp\/v2\/types\/post"}],"author":[{"embeddable":true,"href":"https:\/\/www.europesays.com\/pt\/wp-json\/wp\/v2\/users\/2"}],"replies":[{"embeddable":true,"href":"https:\/\/www.europesays.com\/pt\/wp-json\/wp\/v2\/comments?post=124525"}],"version-history":[{"count":0,"href":"https:\/\/www.europesays.com\/pt\/wp-json\/wp\/v2\/posts\/124525\/revisions"}],"wp:featuredmedia":[{"embeddable":true,"href":"https:\/\/www.europesays.com\/pt\/wp-json\/wp\/v2\/media\/124526"}],"wp:attachment":[{"href":"https:\/\/www.europesays.com\/pt\/wp-json\/wp\/v2\/media?parent=124525"}],"wp:term":[{"taxonomy":"category","embeddable":true,"href":"https:\/\/www.europesays.com\/pt\/wp-json\/wp\/v2\/categories?post=124525"},{"taxonomy":"post_tag","embeddable":true,"href":"https:\/\/www.europesays.com\/pt\/wp-json\/wp\/v2\/tags?post=124525"}],"curies":[{"name":"wp","href":"https:\/\/api.w.org\/{rel}","templated":true}]}}