{"id":124547,"date":"2025-10-24T13:05:22","date_gmt":"2025-10-24T13:05:22","guid":{"rendered":"https:\/\/www.europesays.com\/pt\/124547\/"},"modified":"2025-10-24T13:05:22","modified_gmt":"2025-10-24T13:05:22","slug":"proximo-capitulo-08-12-2025-a-14-12-2025-shirley-jackson-e-daniel-levitin","status":"publish","type":"post","link":"https:\/\/www.europesays.com\/pt\/124547\/","title":{"rendered":"Pr\u00f3ximo Cap\u00edtulo: 08\/12\/2025 a 14\/12\/2025 \u2014 Shirley Jackson e Daniel Levitin"},"content":{"rendered":"<p>Servi\u00e7o do PublishNews+ apresenta livros em pr\u00e9-venda cadastrados na plataforma da MVB \/ Metabooks e que s\u00f3 chegar\u00e3o \u00e0s livrarias daqui a 45 dias<\/p>\n<p><img loading=\"lazy\" decoding=\"async\" src=\"https:\/\/www.europesays.com\/pt\/wp-content\/uploads\/2025\/10\/pkjjllslgOmvzMb7PdkJyJ2L5G8QQPOqfjaxwiWMlqjFmPtSAz5z8sWzJXnM038ys5E8uayL0zflOUkQ.jpeg\" width=\"214\" height=\"112\" \/>O PublishNews+, \u00e1rea exclusiva para assinantes do PN, tem adiantado, semanalmente, os livros que s\u00f3 chegar\u00e3o \u00e0s livrarias em 45 dias. O servi\u00e7o, chamado de <strong>Pr\u00f3ximo Cap\u00edtulo<\/strong>, \u00e9 realizado gra\u00e7as a uma parceria com a MVB \/ Metabooks e tem por objetivo municiar livreiros de informa\u00e7\u00f5es do que est\u00e1 no prelo das editoras. Entre as novidades h\u00e1 Jardim noturno (DarkSide), livro p\u00f3stumo de Shirley Jackson com contos que extraem o extraordin\u00e1rio da rotina, o absurdo do familiar, o horror do que se apresenta como inofensivo; h\u00e1 tamb\u00e9m A cura pela m\u00fasica (Objetiva), em que Daniel Levitin une divulga\u00e7\u00e3o cient\u00edfica e sensibilidade art\u00edstica, revelando o papel essencial dos sons na biologia humana e seus benef\u00edcios para pessoas de todas as idades. Confira todas as novidades <a href=\"https:\/\/pnmais.com\/proximo-capitulo-08-12-2025-a-14-12-2025\/\" target=\"_blank\" style=\"background-color: transparent;\" rel=\"nofollow noopener\">clicando aqui<\/a>. Por enquanto, o Pr\u00f3ximo Cap\u00edtulo est\u00e1 aberto para todos os que <a href=\"https:\/\/pnmais.com\/minha-conta\/\" target=\"_blank\" style=\"background-color: transparent;\" rel=\"nofollow noopener\">se cadastrarem na plataforma<\/a>, mas em breve o servi\u00e7o ficar\u00e1 exclusivo para os assinantes do PN+. A nova se\u00e7\u00e3o se soma a outros servi\u00e7os oferecidos aos assinantes do PN+, como o Radar de Licita\u00e7\u00f5es. <a href=\"https:\/\/pnmais.com\/assinaturas\/\" target=\"_blank\" style=\"background-color: transparent;\" rel=\"nofollow noopener\">Clique aqui<\/a> para saber como ser um assinante do PN+.<\/p>\n","protected":false},"excerpt":{"rendered":"Servi\u00e7o do PublishNews+ apresenta livros em pr\u00e9-venda cadastrados na plataforma da MVB \/ Metabooks e que s\u00f3 chegar\u00e3o&hellip;\n","protected":false},"author":2,"featured_media":124548,"comment_status":"","ping_status":"","sticky":false,"template":"","format":"standard","meta":{"footnotes":""},"categories":[143],"tags":[868,877,867,169,869,872,873,880,114,115,874,870,875,878,879,864,876,237,871,170,865,866,13,32,33],"class_list":{"0":"post-124547","1":"post","2":"type-post","3":"status-publish","4":"format-standard","5":"has-post-thumbnail","7":"category-livros","8":"tag-best-seller","9":"tag-biblioteca","10":"tag-bienal-do-livro","11":"tag-books","12":"tag-clipping","13":"tag-e-book","14":"tag-ebook","15":"tag-editora","16":"tag-entertainment","17":"tag-entretenimento","18":"tag-escritor","19":"tag-eventos","20":"tag-festival-literario","21":"tag-lancamentos","22":"tag-leitura","23":"tag-literatura","24":"tag-livraria","25":"tag-livro","26":"tag-livro-digital","27":"tag-livros","28":"tag-mercado-editorial","29":"tag-mercado-livreiro","30":"tag-noticias","31":"tag-portugal","32":"tag-pt"},"share_on_mastodon":{"url":"https:\/\/pubeurope.com\/@pt\/115429292428328828","error":""},"_links":{"self":[{"href":"https:\/\/www.europesays.com\/pt\/wp-json\/wp\/v2\/posts\/124547","targetHints":{"allow":["GET"]}}],"collection":[{"href":"https:\/\/www.europesays.com\/pt\/wp-json\/wp\/v2\/posts"}],"about":[{"href":"https:\/\/www.europesays.com\/pt\/wp-json\/wp\/v2\/types\/post"}],"author":[{"embeddable":true,"href":"https:\/\/www.europesays.com\/pt\/wp-json\/wp\/v2\/users\/2"}],"replies":[{"embeddable":true,"href":"https:\/\/www.europesays.com\/pt\/wp-json\/wp\/v2\/comments?post=124547"}],"version-history":[{"count":0,"href":"https:\/\/www.europesays.com\/pt\/wp-json\/wp\/v2\/posts\/124547\/revisions"}],"wp:featuredmedia":[{"embeddable":true,"href":"https:\/\/www.europesays.com\/pt\/wp-json\/wp\/v2\/media\/124548"}],"wp:attachment":[{"href":"https:\/\/www.europesays.com\/pt\/wp-json\/wp\/v2\/media?parent=124547"}],"wp:term":[{"taxonomy":"category","embeddable":true,"href":"https:\/\/www.europesays.com\/pt\/wp-json\/wp\/v2\/categories?post=124547"},{"taxonomy":"post_tag","embeddable":true,"href":"https:\/\/www.europesays.com\/pt\/wp-json\/wp\/v2\/tags?post=124547"}],"curies":[{"name":"wp","href":"https:\/\/api.w.org\/{rel}","templated":true}]}}