{"id":12457,"date":"2025-08-02T03:50:16","date_gmt":"2025-08-02T03:50:16","guid":{"rendered":"https:\/\/www.europesays.com\/pt\/12457\/"},"modified":"2025-08-02T03:50:16","modified_gmt":"2025-08-02T03:50:16","slug":"pany-e-reforco-do-benfica-zerozero-pt-2","status":"publish","type":"post","link":"https:\/\/www.europesays.com\/pt\/12457\/","title":{"rendered":"Pany \u00e9 refor\u00e7o do Benfica &#8211; zerozero.pt"},"content":{"rendered":"<ol>\n<li><a href=\"https:\/\/news.google.com\/rss\/articles\/CBMic0FVX3lxTFBvVTloR3VGVkxTMlVUQ2x0YnFwR2QzRzBLOW1jWjhQY3dOZmRjM3Q0bHB4ZXpaUmxFWjJaVVd3a0Nmb2ZfTUhZMXAwMl94OUJiNmQ3Yk5MNVlBbDJmVFVOOE5tYjdJemJhYkZVUTFFNlVvTEE?oc=5\" target=\"_blank\" rel=\"nofollow noopener\">Pany \u00e9 refor\u00e7o do Benfica<\/a>&nbsp;&nbsp;zerozero.pt<\/li>\n<li><a href=\"https:\/\/news.google.com\/rss\/articles\/CBMi3AFBVV95cUxNajFfQ05QU2VFMGdUd2lrZzlrU2xLODA5cUJtenppRkdzMGVHdzltTnJxeEItU0tLekNpc3lZTWE4c2F0YnFPdnJocHhyVWFZNEFiMEhyd1cyNFd3ZWdoekd0bmNlQ2s0WkQwb2QtLUc0STc1N2RSbDNjTmxkLVVpTkkwQjJQNEVhLWI0NG1abGdkRFA2SndNOWhZdzcxdHJUSEE2TUNuWTIyOHJLMDh5WGRXWVdmanpab203T0s4dHhUQWx6cVhTelo2Q0d5SmJqUmJheFpMYUdHdlBl?oc=5\" target=\"_blank\" rel=\"nofollow noopener\">Jogador do Benfica ter\u00e1 um dos maiores sal\u00e1rios da hist\u00f3ria do futsal; veja valor<\/a>&nbsp;&nbsp;No Ataque<\/li>\n<li><a href=\"https:\/\/news.google.com\/rss\/articles\/CBMi9wFBVV95cUxQM2VNN0R4ejh1TzZYb2ZIYzZ2N2Via3Jta3VqOXlUZXFuaFdMZm1kdEZpcmtGSDRlcTJubVVZN25yUWplVmxoRGgxbEhHWTBLSW83WjQzUm1xLWxyd0k4ZHNIZGlLUmI4VmVZcXZiWDFIU2d3OTJqWUt2ZWd0SFczMGR6YnVxclR1eURjY21HTFlIOEdwNjFjZ25RNl9tV0JYZjl6S0F0UTE1ckR1bHZrS29tUWI3YWxqSTk0MWhhTlZhOFhJMFNQN0c1cV9hci16eTRFUUV4TTBxZnlxcTVlSkVVdzluYkJGbFAzamlTaXR5d2Rxd3B3?oc=5\" target=\"_blank\" rel=\"nofollow noopener\">A mudan\u00e7a que j\u00e1 n\u00e3o \u00e9 surpresa: Pany Varela na Luz<\/a>&nbsp;&nbsp;Observador<\/li>\n<li><a href=\"https:\/\/news.google.com\/rss\/articles\/CBMikAFBVV95cUxPS1hHRGo4WEdoZTJjT2Q4WnloaHRVZURzVWJmRDZXa3U4RFpRcFFnTWlXWE9falZCM0tKTjBFVC1iUzd1Sm1BYTlJUUw4bG9qYWVYUXI2YmY5RURTMGUwVUhUQWFvUnNEV3dkNjE2R2tTUFZIRlJodVdqVGlncHB4aHllSU5HNnN4WUJPWmNVYzg?oc=5\" target=\"_blank\" rel=\"nofollow noopener\">Oficial: Pany Varela refor\u00e7a o Benfica<\/a>&nbsp;&nbsp;A Bola<\/li>\n<li><a href=\"https:\/\/news.google.com\/rss\/articles\/CBMiuAFBVV95cUxPREFYUmVlOG9sRzNETTloUVhibE40UE1Hb0p4WDNuZGFwMHBxM3NRVGtiRVM2TjhwcGNwSnU5SVl5NUZXVUNsMGpBZG5JQU1VQ1E1ZThTVGpteHZWRDJVRlljRWRjT2R5Q0cySm9nQXpJMVVhM0FQUHVLQ3YyVjV2VGx1N2RQZDllcGpfOEdKMUpmM1BNelFQWnRISGxwMTc0eWQ4QkhiSHZXckphYS1aX1JWN3R4ZlJ5?oc=5\" target=\"_blank\" rel=\"nofollow noopener\">Jogaram por Sporting e Benfica: Pany j\u00e1 estava na lista, mas conhece os outros?<\/a>&nbsp;&nbsp;zerozero.pt<\/li>\n<\/ol>\n","protected":false},"excerpt":{"rendered":"Pany \u00e9 refor\u00e7o do Benfica&nbsp;&nbsp;zerozero.pt Jogador do Benfica ter\u00e1 um dos maiores sal\u00e1rios da hist\u00f3ria do futsal; veja&hellip;\n","protected":false},"author":2,"featured_media":12458,"comment_status":"","ping_status":"","sticky":false,"template":"","format":"standard","meta":{"footnotes":""},"categories":[87],"tags":[135,526,524,13,32,33,527,525,134,523],"class_list":{"0":"post-12457","1":"post","2":"type-post","3":"status-publish","4":"format-standard","5":"has-post-thumbnail","7":"category-desporto","8":"tag-desporto","9":"tag-football","10":"tag-futebol","11":"tag-noticias","12":"tag-portugal","13":"tag-pt","14":"tag-resultados","15":"tag-soccer","16":"tag-sports","17":"tag-zerozero"},"share_on_mastodon":{"url":"","error":""},"_links":{"self":[{"href":"https:\/\/www.europesays.com\/pt\/wp-json\/wp\/v2\/posts\/12457","targetHints":{"allow":["GET"]}}],"collection":[{"href":"https:\/\/www.europesays.com\/pt\/wp-json\/wp\/v2\/posts"}],"about":[{"href":"https:\/\/www.europesays.com\/pt\/wp-json\/wp\/v2\/types\/post"}],"author":[{"embeddable":true,"href":"https:\/\/www.europesays.com\/pt\/wp-json\/wp\/v2\/users\/2"}],"replies":[{"embeddable":true,"href":"https:\/\/www.europesays.com\/pt\/wp-json\/wp\/v2\/comments?post=12457"}],"version-history":[{"count":0,"href":"https:\/\/www.europesays.com\/pt\/wp-json\/wp\/v2\/posts\/12457\/revisions"}],"wp:featuredmedia":[{"embeddable":true,"href":"https:\/\/www.europesays.com\/pt\/wp-json\/wp\/v2\/media\/12458"}],"wp:attachment":[{"href":"https:\/\/www.europesays.com\/pt\/wp-json\/wp\/v2\/media?parent=12457"}],"wp:term":[{"taxonomy":"category","embeddable":true,"href":"https:\/\/www.europesays.com\/pt\/wp-json\/wp\/v2\/categories?post=12457"},{"taxonomy":"post_tag","embeddable":true,"href":"https:\/\/www.europesays.com\/pt\/wp-json\/wp\/v2\/tags?post=12457"}],"curies":[{"name":"wp","href":"https:\/\/api.w.org\/{rel}","templated":true}]}}