{"id":124578,"date":"2025-10-24T13:38:16","date_gmt":"2025-10-24T13:38:16","guid":{"rendered":"https:\/\/www.europesays.com\/pt\/124578\/"},"modified":"2025-10-24T13:38:16","modified_gmt":"2025-10-24T13:38:16","slug":"professor-da-ufrgs-recebe-prestigiado-premio-internacional-de-saude-mental-e-possivel-fazer-ciencia-de-ponta-no-brasil","status":"publish","type":"post","link":"https:\/\/www.europesays.com\/pt\/124578\/","title":{"rendered":"Professor da UFRGS recebe prestigiado pr\u00eamio internacional de sa\u00fade mental: &#8220;\u00c9 poss\u00edvel fazer ci\u00eancia de ponta no Brasil&#8221;"},"content":{"rendered":"<p><img fetchpriority=\"high\" decoding=\"async\" class=\"w-fit lg:w-full\" loading=\"eager\" src=\"https:\/\/www.europesays.com\/pt\/wp-content\/uploads\/2025\/10\/5507888_d81e791c5fac1c1.jpg\" title=\"Jeff Botega \/ Agencia RBS\" alt=\"Jeff Botega \/ Agencia RBS\" width=\"700\" height=\"477\"\/>Luis Augusto Paim Rohde, da UFRGS, ser\u00e1 homenageado em cerim\u00f4nia nesta sexta-feira (24) nos Estados Unidos.Jeff Botega \/ Agencia RBS<\/p>\n<p>O professor de Psiquiatria da Universidade Federal do Rio Grande do Sul (UFRGS) <strong>Luis Augusto Paim Rohde<\/strong>, 60 anos, receber\u00e1 nesta sexta-feira (24) \u00e0 noite um dos pr\u00eamios internacionais mais prestigiados da sa\u00fade mental.\u00a0<\/p>\n<p>Ele \u00e9 um dos poucos latino-americanos reconhecidos com o <strong>Outstanding Achievement Prize<\/strong>, que homenageia trajet\u00f3rias de realiza\u00e7\u00e3o excepcional em pesquisa na \u00e1rea, concedido pela <strong>Brain &amp; Behavior Research Foundation<\/strong>, dos Estados Unidos, institui\u00e7\u00e3o de refer\u00eancia internacional.<\/p>\n<p>Rohde ganhou o<strong> Pr\u00eamio Ruane de psiquiatria da inf\u00e2ncia e adolesc\u00eancia<\/strong>, uma das quatro \u00e1reas do Outstanding Achievement, que tamb\u00e9m contempla esquizofrenia, transtornos de humor e neuroci\u00eancia cognitiva.<\/p>\n<p>Criado em 2000 pelos filantropos Joy e William Ruane, o pr\u00eamio reconhece importantes avan\u00e7os na compreens\u00e3o e no tratamento de <strong>transtornos mentais e comportamentais<\/strong> de in\u00edcio precoce. O valor \u00e9 de <strong>US$ 50 mil<\/strong> (o equivalente a R$ 269 mil), e o vencedor \u00e9 homenageado no International Awards Dinner, realizado em Nova York. As homenagens incluem a apresenta\u00e7\u00e3o de um resumo da trajet\u00f3ria de pesquisa em um semin\u00e1rio.<\/p>\n<p>Quem \u00e9 <strong>Luis Augusto Paim Rohde<\/strong><\/p>\n<p>Al\u00e9m de professor de Psiquiatria na UFRGS, Rohde \u00e9 coordenador-geral do Programa de Transtornos de D\u00e9ficit de Aten\u00e7\u00e3o\/Hiperatividade no Hospital de Cl\u00ednicas de Porto Alegre (HCPA), vice-coordenador do Instituto Nacional de Psiquiatria do Desenvolvimento para Crian\u00e7as e Adolescentes (INPD) e presidente da Associa\u00e7\u00e3o Internacional de Psiquiatria Infantil e Adolescente e Profiss\u00f5es Afins.<\/p>\n<p>\u00c9 tamb\u00e9m professor da p\u00f3s-gradua\u00e7\u00e3o em Psiquiatria na Universidade de S\u00e3o Paulo (USP) e organizador de <strong>nove livros<\/strong> sobre sa\u00fade mental de crian\u00e7as e adolescentes, somando <strong>58 mil cita\u00e7\u00f5es<\/strong> e mais de <strong>450 artigos cient\u00edficos<\/strong> publicados.\u00a0<\/p>\n<p>Rohde tamb\u00e9m participou do grupo de trabalho para defini\u00e7\u00e3o dos crit\u00e9rios diagn\u00f3sticos de Transtorno do D\u00e9ficit de Aten\u00e7\u00e3o e Hiperatividade (TDAH) e Transtornos Disruptivos do Manual Diagn\u00f3stico e Estat\u00edstico de Transtornos Mentais (DSM-5). Em diversas ocasi\u00f5es, sendo a \u00faltima em 2023, <a href=\"https:\/\/gauchazh.clicrbs.com.br\/comportamento\/noticia\/2023\/12\/o-subtratamento-e-um-problema-maior-do-que-o-supertratamento-diz-professor-da-ufrgs-que-e-referencia-mundial-em-tdah-clpvcvos8001q014w9ohaki0l.html\" rel=\"nofollow noopener\" target=\"_blank\"><strong>figurou entre os pesquisadores mais citados do mundo<\/strong><\/a>.<\/p>\n<p><strong>Reconhecimento ao Sul Global<\/strong><\/p>\n<p>A homenagem premia o <strong>conjunto da obra de Rohde<\/strong> em psiquiatria do desenvolvimento, com foco principal na \u00e1rea de TDAH. Para o psiquiatra, o pr\u00eamio \u00e9 um reconhecimento aos pesquisadores do chamado Sul Global e ao trabalho de forma\u00e7\u00e3o de novos profissionais em sa\u00fade mental com relev\u00e2ncia internacional.<\/p>\n<p>\u2014 \u00c9 o reconhecimento de que <strong>\u00e9 poss\u00edvel fazer ci\u00eancia de ponta<\/strong>, equipar\u00e1vel ao que \u00e9 feito fora, ao que \u00e9 feito em pa\u00edses desenvolvidos, <strong>no Brasil, na Am\u00e9rica Latina<\/strong>, com repercuss\u00e3o em termos de impacto internacional e de impacto nacional tamb\u00e9m \u2014 avalia.<\/p>\n<p><img decoding=\"async\" class=\"w-fit lg:w-full\" loading=\"eager\" src=\"https:\/\/www.europesays.com\/pt\/wp-content\/uploads\/2025\/10\/5507007_575e5329b908cea.jpg\" title=\"Jeff Botega \/ Agencia RBS\" alt=\"Jeff Botega \/ Agencia RBS\" width=\"700\" height=\"477\"\/>Rohde \u00e9 coordenador-geral do Programa de Transtornos de D\u00e9ficit de Aten\u00e7\u00e3o\/Hiperatividade no Hospital de Cl\u00ednicas de Porto Alegre.Jeff Botega \/ Agencia RBS<\/p>\n<p>Diversas contribui\u00e7\u00f5es significativas, por meio de <strong>pesquisas inovadoras<\/strong>, levaram ao reconhecimento. Um estudo, por exemplo, demonstrou que as diferen\u00e7as de preval\u00eancia de TDAH entre pa\u00edses eram devidas a <strong>fatores metodol\u00f3gicos dos estudos<\/strong>, e n\u00e3o a quest\u00f5es culturais \u2014 tornando-se um dos mais citados a respeito do transtorno no PubMed. Em outro estudo, a equipe mostrou que a preval\u00eancia n\u00e3o sofreu altera\u00e7\u00f5es em 30 anos, e sim a <strong>procura por atendimento<\/strong>.<\/p>\n<p>\u2014 As pessoas est\u00e3o reconhecendo mais o TDAH \u2014 pontua.<\/p>\n<p>Outras contribui\u00e7\u00f5es cient\u00edficas envolvem o <strong>mapeamento das trajet\u00f3rias do TDAH<\/strong>, mostrando a possibilidade de in\u00edcio tardio (na adolesc\u00eancia ou idade adulta) em cerca de 20% dos casos; e o desenvolvimento de uma <strong>calculadora de risco<\/strong> para predizer a persist\u00eancia do TDAH na idade adulta.<\/p>\n<p><strong>Excesso de diagn\u00f3sticos, aumento de transtornos mentais<\/strong><\/p>\n<p>Em rela\u00e7\u00e3o \u00e0 sa\u00fade mental de crian\u00e7as e adolescentes, as principais preocupa\u00e7\u00f5es do psiquiatra envolvem o grande <strong>aumento nos diagn\u00f3sticos de transtorno do espectro autista <\/strong>(TEA) \u2013 resultado da expans\u00e3o dos crit\u00e9rios, o que suscita quest\u00f5es sobre a dificuldade em delimitar quando h\u00e1, de fato, transtorno, bem como sobre o risco da banaliza\u00e7\u00e3o do diagn\u00f3stico. Embora a expans\u00e3o tenha permitido fornecer atendimento a pessoas que necessitavam, o professor defende a necessidade de <strong>definir melhor os crit\u00e9rios<\/strong>.<\/p>\n<p>H\u00e1 tamb\u00e9m uma s\u00e9ria preocupa\u00e7\u00e3o com o grande <strong>aumento de quadros de ansiedade, depress\u00e3o e uso de subst\u00e2ncias em jovens<\/strong> no per\u00edodo p\u00f3s-pandemia. Os transtornos mentais, em geral, representam a maior carga de doen\u00e7as em jovens.<\/p>\n<p>\u2014 Hoje sabemos que os transtornos mentais s\u00e3o <strong>doen\u00e7as cr\u00f4nicas dos jovens<\/strong>. Cerca de 75% ou 80% dos transtornos mentais de adultos t\u00eam in\u00edcio na inf\u00e2ncia e adolesc\u00eancia \u2014 ressalta.<\/p>\n<p>Em rela\u00e7\u00e3o ao TDAH, o pesquisador ga\u00facho entende que a multiplica\u00e7\u00e3o de avalia\u00e7\u00f5es cl\u00ednicas apressadas e superficiais tem levado \u00e0 <strong>banaliza\u00e7\u00e3o do diagn\u00f3stico<\/strong>, pois n\u00e3o conseguem verificar se os sintomas s\u00e3o frequentes e causam preju\u00edzo funcional.<\/p>\n<p>Outro desafio relevante \u00e9 a <strong>qualidade da informa\u00e7\u00e3o<\/strong> que chega \u00e0 popula\u00e7\u00e3o, principalmente por meio das redes sociais \u2014 menos de 50% do conte\u00fado sobre TDAH em plataformas como TikTok \u00e9 preciso.<\/p>\n<p><strong>Novas perspectivas de trabalho<\/strong><\/p>\n<p>O foco do pesquisador, agora, est\u00e1 voltado a <strong>interven\u00e7\u00f5es para TDAH<\/strong>. Um estudo com universit\u00e1rios busca determinar se de fato h\u00e1 efic\u00e1cia em acomoda\u00e7\u00f5es acad\u00eamicas, como tempo extra para provas, para estudantes com TDAH, e qual seria o tempo ideal.<\/p>\n<p><a href=\"https:\/\/gauchazh.clicrbs.com.br\/saude\/noticia\/2025\/04\/melhorar-tdah-em-adolescentes-com-videogame-estudo-busca-avaliar-efeitos-do-exercicio-fisico-com-realidade-virtual-cm9beiydu003c012tpimcmsrp.html\" rel=\"nofollow noopener\" target=\"_blank\"><strong>Outra pesquisa<\/strong><\/a> investiga o uso do exerc\u00edcio f\u00edsico aer\u00f3bico, de forma gamificada e com \u00f3culos de realidade virtual, como poss\u00edvel estrat\u00e9gia para <strong>melhorar a aten\u00e7\u00e3o e a fun\u00e7\u00e3o executiva<\/strong> em pacientes com TDAH.<\/p>\n<p>Como presidente da Associa\u00e7\u00e3o Mundial de Psiquiatria da Inf\u00e2ncia e Adolesc\u00eancia e Profiss\u00f5es Afins, Rohde est\u00e1 envolvido no desenvolvimento de um instrumento global, gratuito, para <strong>padronizar a avalia\u00e7\u00e3o de sa\u00fade mental<\/strong> de crian\u00e7as e adolescentes, j\u00e1 que h\u00e1 instrumentos diferentes em uso em cada pa\u00eds.<\/p>\n<blockquote class=\"m-blockquote leak-left\"><p>O grande passo que demos em termos de pesquisa foi estabelecer projetos colaborativos.LUIS AUGUSTO PAIM ROHDE<\/p>\n<p class=\"blockquote-support\">Professor de Psiquiatria da UFRGS<\/p>\n<\/blockquote>\n<p>A cria\u00e7\u00e3o e a avalia\u00e7\u00e3o de <strong>interven\u00e7\u00f5es digitais<\/strong> para enfrentar o aumento de quadros de ansiedade e depress\u00e3o tamb\u00e9m est\u00e3o entre as prioridades da entidade. A associa\u00e7\u00e3o tem buscado, ainda, desenvolver <strong>programas educacionais em sa\u00fade e ci\u00eancia<\/strong> para que influenciadores que abordam o assunto possam transmitir informa\u00e7\u00f5es corretas e confi\u00e1veis.<\/p>\n<p>Outras \u00e1reas de pesquisa do grupo no qual o professor est\u00e1 inserido incluem a <strong>gen\u00e9tica molecular do TDAH<\/strong> (genes de suscetibilidade) e <strong>interven\u00e7\u00f5es n\u00e3o farmacol\u00f3gicas<\/strong>, como neuroestimula\u00e7\u00e3o, al\u00e9m do acompanhamento da coorte (conjunto de pessoas monitoradas em um estudo) de alto risco para transtornos psiqui\u00e1tricos brasileira para estudar a <strong>trajet\u00f3ria dos transtornos mentais<\/strong>.<\/p>\n<p>\u2014 O grande passo que demos em termos de pesquisa foi estabelecer <strong>projetos colaborativos<\/strong>. Trabalhar com quem trabalhava em excel\u00eancia em pesquisa aqui. E, a partir da\u00ed, com os times de excel\u00eancia no mundo \u2014 frisa. \u2014 <strong>Hoje, n\u00e3o se faz ci\u00eancia sozinho<\/strong>. Ci\u00eancia se faz em coopera\u00e7\u00e3o. Ent\u00e3o, \u00e9 saber trabalhar cooperativamente que te faz conseguir ter resultados que realmente <strong>impactem a realidade das pessoas<\/strong>.<\/p>\n","protected":false},"excerpt":{"rendered":"Luis Augusto Paim Rohde, da UFRGS, ser\u00e1 homenageado em cerim\u00f4nia nesta sexta-feira (24) nos Estados Unidos.Jeff Botega \/&hellip;\n","protected":false},"author":2,"featured_media":124579,"comment_status":"","ping_status":"","sticky":false,"template":"","format":"standard","meta":{"footnotes":""},"categories":[86],"tags":[116,23762,1348,32,33,117,473],"class_list":{"0":"post-124578","1":"post","2":"type-post","3":"status-publish","4":"format-standard","5":"has-post-thumbnail","7":"category-saude","8":"tag-health","9":"tag-hospital-de-clinicas","10":"tag-pesquisa","11":"tag-portugal","12":"tag-pt","13":"tag-saude","14":"tag-ufrgs"},"share_on_mastodon":{"url":"https:\/\/pubeurope.com\/@pt\/115429422262921268","error":""},"_links":{"self":[{"href":"https:\/\/www.europesays.com\/pt\/wp-json\/wp\/v2\/posts\/124578","targetHints":{"allow":["GET"]}}],"collection":[{"href":"https:\/\/www.europesays.com\/pt\/wp-json\/wp\/v2\/posts"}],"about":[{"href":"https:\/\/www.europesays.com\/pt\/wp-json\/wp\/v2\/types\/post"}],"author":[{"embeddable":true,"href":"https:\/\/www.europesays.com\/pt\/wp-json\/wp\/v2\/users\/2"}],"replies":[{"embeddable":true,"href":"https:\/\/www.europesays.com\/pt\/wp-json\/wp\/v2\/comments?post=124578"}],"version-history":[{"count":0,"href":"https:\/\/www.europesays.com\/pt\/wp-json\/wp\/v2\/posts\/124578\/revisions"}],"wp:featuredmedia":[{"embeddable":true,"href":"https:\/\/www.europesays.com\/pt\/wp-json\/wp\/v2\/media\/124579"}],"wp:attachment":[{"href":"https:\/\/www.europesays.com\/pt\/wp-json\/wp\/v2\/media?parent=124578"}],"wp:term":[{"taxonomy":"category","embeddable":true,"href":"https:\/\/www.europesays.com\/pt\/wp-json\/wp\/v2\/categories?post=124578"},{"taxonomy":"post_tag","embeddable":true,"href":"https:\/\/www.europesays.com\/pt\/wp-json\/wp\/v2\/tags?post=124578"}],"curies":[{"name":"wp","href":"https:\/\/api.w.org\/{rel}","templated":true}]}}