{"id":124582,"date":"2025-10-24T13:41:13","date_gmt":"2025-10-24T13:41:13","guid":{"rendered":"https:\/\/www.europesays.com\/pt\/124582\/"},"modified":"2025-10-24T13:41:13","modified_gmt":"2025-10-24T13:41:13","slug":"kia-criou-um-ambientador-com-cheiro-a-gasolina-para-os-condutores-de-eletricos-nostalgicos","status":"publish","type":"post","link":"https:\/\/www.europesays.com\/pt\/124582\/","title":{"rendered":"Kia criou um ambientador com cheiro a gasolina para os condutores de el\u00e9tricos nost\u00e1lgicos"},"content":{"rendered":"<p>Se achava que j\u00e1 tinha visto de tudo para florear os carros el\u00e9tricos, pense melhor, pois a Kia lan\u00e7ou uma campanha que pode surpreender. Na Finl\u00e2ndia, a marca apresentou um ambientador com aroma a gasolina para ser pendurado no espelho retrovisor dos ve\u00edculos dos condutores mais nost\u00e1lgicos.<\/p>\n<p><a target=\"_blank\" href=\"https:\/\/pplware.sapo.pt\/wp-content\/uploads\/2025\/10\/kia_ambientador_eletrico_gasolina.jpg\" onclick=\"refreshIframe()\" class=\"foobox\" rel=\"nofollow noopener\"><img fetchpriority=\"high\" decoding=\"async\" src=\"https:\/\/www.europesays.com\/pt\/wp-content\/uploads\/2025\/10\/kia_ambientador_eletrico_gasolina-720x405.jpg\" alt=\"Ambientador com cheiro a gasolina para carros el\u00e9tricos da Kia\" width=\"720\" height=\"405\" class=\"aligncenter wp-image-1084808 size-medium\"  \/><\/a>\n<\/p>\n<p>Os carros el\u00e9tricos roubam aos entusiastas dos autom\u00f3veis muitos pequenos prazeres, desde a satisfa\u00e7\u00e3o a cada mudan\u00e7a de velocidade at\u00e9 ao barulho de um motor a funcionar perfeitamente. Para a Kia, pelos vistos, importa, tamb\u00e9m, o cheiro da gasolina.<\/p>\n<p>Na Finl\u00e2ndia, a marca anunciou um ambientador em forma de recipiente de gasolina, concebido para ajudar os mais nost\u00e1lgicos a &#8220;fazer a transi\u00e7\u00e3o para uma nova era de condu\u00e7\u00e3o&#8221; &#8211; a el\u00e9trica.<\/p>\n<blockquote class=\"instagram-media\" data-instgrm-captioned=\"\" data-instgrm-permalink=\"https:\/\/www.instagram.com\/reel\/DQE9i2xDDw1\/?utm_source=ig_embed&amp;utm_campaign=loading\" data-instgrm-version=\"14\" style=\"background: #FFF; border: 0; border-radius: 3px; box-shadow: 0 0 1px 0 rgba(0,0,0,0.5),0 1px 10px 0 rgba(0,0,0,0.15); margin: 1px; max-width: 540px; min-width: 326px; padding: 0; width: calc(100% - 2px);\">\n<\/blockquote>\n<p>Ambientador da Kia lembra &#8220;uma oficina mec\u00e2nica&#8221;<\/p>\n<p>Atrav\u00e9s das redes sociais, a marca escreveu o seguinte, conforme traduzido:<\/p>\n<blockquote>\n<p>Sente falta do cheiro da gasolina e da bomba de gasolina em plena eletrifica\u00e7\u00e3o? Temos uma ajuda r\u00e1pida para os sintomas de abstin\u00eancia.<\/p>\n<\/blockquote>\n<p>De forma humor\u00edstica, num pa\u00eds que n\u00e3o \u00e9 particularmente conhecido pelo humor, a Kia apresentou uma forma de lidar com isso, anunciando que o seu ambientador estar\u00e1 dispon\u00edvel para os novos compradores do EV4, numa &#8220;edi\u00e7\u00e3o limitada&#8221;.<\/p>\n<p>Segundo a <a target=\"_blank\" href=\"https:\/\/tyyliniekka.fi\/kia-helpottaa-siirtymista-sahkoautoihin-bensiininkatkuisella-hajusteella\/\" rel=\"nofollow noopener\">Tyyliniekka<\/a>, a ideia surgiu da importadora da Kia no pa\u00eds, a Astara Auto Finland, que decidiu unir-se a Max Perttula para criar um perfume com notas de irrever\u00eancia: quem cheirou descreve uma base de \u00f3leo de motor, uma nota met\u00e1lica e toques de jasmim, bem como alcatr\u00e3o de b\u00e9tula, segundo o Carscoops.<\/p>\n<p>Por sua vez, a Max Perttula, o cheiro lembra &#8220;uma oficina mec\u00e2nica&#8221;.<\/p>\n<p>\t\t\t\t\t\t<script async src=\"\/\/www.instagram.com\/embed.js\"><\/script><\/p>\n","protected":false},"excerpt":{"rendered":"Se achava que j\u00e1 tinha visto de tudo para florear os carros el\u00e9tricos, pense melhor, pois a Kia&hellip;\n","protected":false},"author":2,"featured_media":124583,"comment_status":"","ping_status":"","sticky":false,"template":"","format":"standard","meta":{"footnotes":""},"categories":[83],"tags":[28716,88,744,89,90,858,3148,32,33],"class_list":{"0":"post-124582","1":"post","2":"type-post","3":"status-publish","4":"format-standard","5":"has-post-thumbnail","7":"category-empresas","8":"tag-ambientador","9":"tag-business","10":"tag-carro-eletrico","11":"tag-economy","12":"tag-empresas","13":"tag-gasolina","14":"tag-kia","15":"tag-portugal","16":"tag-pt"},"share_on_mastodon":{"url":"https:\/\/pubeurope.com\/@pt\/115429433991609233","error":""},"_links":{"self":[{"href":"https:\/\/www.europesays.com\/pt\/wp-json\/wp\/v2\/posts\/124582","targetHints":{"allow":["GET"]}}],"collection":[{"href":"https:\/\/www.europesays.com\/pt\/wp-json\/wp\/v2\/posts"}],"about":[{"href":"https:\/\/www.europesays.com\/pt\/wp-json\/wp\/v2\/types\/post"}],"author":[{"embeddable":true,"href":"https:\/\/www.europesays.com\/pt\/wp-json\/wp\/v2\/users\/2"}],"replies":[{"embeddable":true,"href":"https:\/\/www.europesays.com\/pt\/wp-json\/wp\/v2\/comments?post=124582"}],"version-history":[{"count":0,"href":"https:\/\/www.europesays.com\/pt\/wp-json\/wp\/v2\/posts\/124582\/revisions"}],"wp:featuredmedia":[{"embeddable":true,"href":"https:\/\/www.europesays.com\/pt\/wp-json\/wp\/v2\/media\/124583"}],"wp:attachment":[{"href":"https:\/\/www.europesays.com\/pt\/wp-json\/wp\/v2\/media?parent=124582"}],"wp:term":[{"taxonomy":"category","embeddable":true,"href":"https:\/\/www.europesays.com\/pt\/wp-json\/wp\/v2\/categories?post=124582"},{"taxonomy":"post_tag","embeddable":true,"href":"https:\/\/www.europesays.com\/pt\/wp-json\/wp\/v2\/tags?post=124582"}],"curies":[{"name":"wp","href":"https:\/\/api.w.org\/{rel}","templated":true}]}}