{"id":124614,"date":"2025-10-24T14:17:48","date_gmt":"2025-10-24T14:17:48","guid":{"rendered":"https:\/\/www.europesays.com\/pt\/124614\/"},"modified":"2025-10-24T14:17:48","modified_gmt":"2025-10-24T14:17:48","slug":"carris-deu-data-errada-a-investigacao-do-acidente-da-gloria-observador","status":"publish","type":"post","link":"https:\/\/www.europesays.com\/pt\/124614\/","title":{"rendered":"Carris deu data errada \u00e0 investiga\u00e7\u00e3o do acidente da Gl\u00f3ria \u2013 Observador"},"content":{"rendered":"<p>Uma informa\u00e7\u00e3o errada que podia ter implica\u00e7\u00f5es sobre leituras pol\u00edticas e responsabilidades t\u00e9cnicas foi entregue pela Carris \u00e0 investiga\u00e7\u00e3o ao acidente do elevador da Gl\u00f3ria. Isto porque depois do descarrilamento, a 3 de setembro, <strong>a Carris escreveu na sua primeira nota informativa que o cabo de tra\u00e7\u00e3o que cedeu tinha come\u00e7ado a ser usado \u201ch\u00e1 cerca de seis anos\u201d, no tempo de Fernando Medina<\/strong> \u2014 mas o novo relat\u00f3rio preliminar do Gabinete de Preven\u00e7\u00e3o de Investiga\u00e7\u00e3o de Acidentes com Aeronaves e de Acidentes Ferrovi\u00e1rios indica que na verdade o cabo s\u00f3 foi usado a partir de 2022, durante o consulado de Moedas.<\/p>\n<p><a href=\"https:\/\/expresso.pt\/sociedade\/2025-10-23-carris-deu-informacao-errada-a-investigacao-do-acidente-com-o-elevador-da-gloria-26249d59\" rel=\"nofollow noopener\" target=\"_blank\">A not\u00edcia \u00e9 avan\u00e7ada pelo Expresso<\/a>, que lembra que o relat\u00f3rio de 35 p\u00e1ginas conclu\u00eddo esta semana confirma que o cabo \u201cn\u00e3o estava certificado para utiliza\u00e7\u00e3o em instala\u00e7\u00f5es para o transporte de pessoas\u201d nem cumpria os requisitos da Carris.<\/p>\n<p>Ao jornal, o gabinete disse que esta informa\u00e7\u00e3o \u201ccorrespondia ao conhecimento da investiga\u00e7\u00e3o \u00e0 data da sua reda\u00e7\u00e3o, com base nos elementos at\u00e9 ent\u00e3o recolhidos, documentais e testemunhais\u201d.<\/p>\n<p><strong>[A 14 de janeiro de 1986 um acontecimento muda o rumo da campanha das presidenciais: a inesperada agress\u00e3o a Soares na Marinha Grande. Nas urnas, o socialista e Zenha lutam por um lugar na segunda volta frente a Freitas.\u00a0<\/strong><strong>A\u00a0<a href=\"https:\/\/observador.pt\/programas\/a-eleio-mais-louca-de-sempre\/episodio-4-portugal-nao-e-moscovo\/\" rel=\"nofollow noopener\" target=\"_blank\">\u201cElei\u00e7\u00e3o Mais Louca de Sempre\u201d<\/a>\u00a0\u00e9 o novo Podcast Plus do Observador sobre as Presidenciais de 1986. Uma s\u00e9rie narrada pelo ator Gon\u00e7alo Waddington, com banda sonora original de Samuel \u00daria. Pode ouvir\u00a0<a href=\"https:\/\/observador.pt\/programas\/a-eleio-mais-louca-de-sempre\/episodio-4-portugal-nao-e-moscovo\/\" rel=\"nofollow noopener\" target=\"_blank\">aqui<\/a>, no\u00a0Observador, e tamb\u00e9m na\u00a0<a href=\"https:\/\/podcasts.apple.com\/pt\/podcast\/epis%C3%B3dio-4-portugal-n%C3%A3o-%C3%A9-moscovo\/id1841273464?i=1000732704045\" rel=\"nofollow noopener\" target=\"_blank\">Apple Podcasts<\/a>, no\u00a0<a href=\"https:\/\/open.spotify.com\/episode\/2SQPr5qiggrruRId3AGmaa?si=4da7e55fbfa04153\" rel=\"nofollow noopener\" target=\"_blank\">Spotify<\/a>\u00a0e no\u00a0<a href=\"https:\/\/music.youtube.com\/watch?v=lwRI8iL_ZKI&amp;si=LeJjFBTc0_lsQ8FS\" rel=\"nofollow noopener\" target=\"_blank\">Youtube Music<\/a>. E pode ouvir o primeiro epis\u00f3dio\u00a0<a href=\"https:\/\/observador.pt\/programas\/a-eleio-mais-louca-de-sempre\/estreia-a-eleicao-mais-louca-de-sempre-episodio-1-apostamos-no-cavalo-errado\/\" rel=\"nofollow noopener\" target=\"_blank\">aqui<\/a>, o segundo\u00a0<a href=\"https:\/\/observador.pt\/programas\/a-eleio-mais-louca-de-sempre\/episodio-2-uma-traicao-inesperada\/\" rel=\"nofollow noopener\" target=\"_blank\">aqui<\/a>\u00a0e o terceiro\u00a0<a href=\"https:\/\/observador.pt\/programas\/a-eleio-mais-louca-de-sempre\/episodio-3-ele-nao-e-meu-irmao\/\" rel=\"nofollow noopener\" target=\"_blank\">aqui<\/a>.]<\/strong><\/p>\n<p><a href=\"https:\/\/observador.pt\/programas\/a-eleio-mais-louca-de-sempre\/episodio-4-portugal-nao-e-moscovo\/\" rel=\"nofollow noopener\" target=\"_blank\"><\/p>\n<p>        <img src=\"https:\/\/www.europesays.com\/pt\/wp-content\/uploads\/2025\/10\/770-a-eleicao-mais-louca-de-sempre-playicon.png\" alt=\"\" loading=\"lazy\" decoding=\"async\" class=\"alignnone\" onload=\"this.parentElement.classList.remove('spinner')\" onerror=\"this.parentElement.classList.remove('spinner')\" width=\"770\" height=\"433\"\/>    <\/p>\n<p><\/a><\/p>\n<p>                    <strong>Tem um minuto?<\/strong><br \/>O Observador est\u00e1 a realizar junto dos seus leitores um curto estudo de apenas quatro perguntas. <a href=\"https:\/\/observador.typeform.com\/to\/DnJJ0FZQ\" target=\"_blank\" style=\"text-decoration: underline; color:#262626;\" rel=\"nofollow noopener\">Responda aqui<\/a>.<\/p>\n","protected":false},"excerpt":{"rendered":"Uma informa\u00e7\u00e3o errada que podia ter implica\u00e7\u00f5es sobre leituras pol\u00edticas e responsabilidades t\u00e9cnicas foi entregue pela Carris \u00e0&hellip;\n","protected":false},"author":2,"featured_media":124615,"comment_status":"","ping_status":"","sticky":false,"template":"","format":"standard","meta":{"footnotes":""},"categories":[8],"tags":[27,28,17138,476,15,16,14,25,26,797,21,22,12,13,19,20,57,32,23,24,33,58,17,18,2588,29,30,31],"class_list":{"0":"post-124614","1":"post","2":"type-post","3":"status-publish","4":"format-standard","5":"has-post-thumbnail","7":"category-principais-noticias","8":"tag-breaking-news","9":"tag-breakingnews","10":"tag-carris","11":"tag-economia","12":"tag-featured-news","13":"tag-featurednews","14":"tag-headlines","15":"tag-latest-news","16":"tag-latestnews","17":"tag-lisboa","18":"tag-main-news","19":"tag-mainnews","20":"tag-news","21":"tag-noticias","22":"tag-noticias-principais","23":"tag-noticiasprincipais","24":"tag-pau00eds","25":"tag-portugal","26":"tag-principais-noticias","27":"tag-principaisnoticias","28":"tag-pt","29":"tag-sociedade","30":"tag-top-stories","31":"tag-topstories","32":"tag-transportes","33":"tag-ultimas","34":"tag-ultimas-noticias","35":"tag-ultimasnoticias"},"share_on_mastodon":{"url":"https:\/\/pubeurope.com\/@pt\/115429579638589682","error":""},"_links":{"self":[{"href":"https:\/\/www.europesays.com\/pt\/wp-json\/wp\/v2\/posts\/124614","targetHints":{"allow":["GET"]}}],"collection":[{"href":"https:\/\/www.europesays.com\/pt\/wp-json\/wp\/v2\/posts"}],"about":[{"href":"https:\/\/www.europesays.com\/pt\/wp-json\/wp\/v2\/types\/post"}],"author":[{"embeddable":true,"href":"https:\/\/www.europesays.com\/pt\/wp-json\/wp\/v2\/users\/2"}],"replies":[{"embeddable":true,"href":"https:\/\/www.europesays.com\/pt\/wp-json\/wp\/v2\/comments?post=124614"}],"version-history":[{"count":0,"href":"https:\/\/www.europesays.com\/pt\/wp-json\/wp\/v2\/posts\/124614\/revisions"}],"wp:featuredmedia":[{"embeddable":true,"href":"https:\/\/www.europesays.com\/pt\/wp-json\/wp\/v2\/media\/124615"}],"wp:attachment":[{"href":"https:\/\/www.europesays.com\/pt\/wp-json\/wp\/v2\/media?parent=124614"}],"wp:term":[{"taxonomy":"category","embeddable":true,"href":"https:\/\/www.europesays.com\/pt\/wp-json\/wp\/v2\/categories?post=124614"},{"taxonomy":"post_tag","embeddable":true,"href":"https:\/\/www.europesays.com\/pt\/wp-json\/wp\/v2\/tags?post=124614"}],"curies":[{"name":"wp","href":"https:\/\/api.w.org\/{rel}","templated":true}]}}