{"id":124620,"date":"2025-10-24T14:20:07","date_gmt":"2025-10-24T14:20:07","guid":{"rendered":"https:\/\/www.europesays.com\/pt\/124620\/"},"modified":"2025-10-24T14:20:07","modified_gmt":"2025-10-24T14:20:07","slug":"fabio-silva-lanca-zero-livro-sobre-impacto-social-inovacao-cidada-e-do-engajamento-coletivo-tv-aurora","status":"publish","type":"post","link":"https:\/\/www.europesays.com\/pt\/124620\/","title":{"rendered":"F\u00e1bio Silva lan\u00e7a \u201cZero\u201d, livro sobre impacto social, inova\u00e7\u00e3o cidad\u00e3 e do engajamento coletivo &#8211; TV Aurora"},"content":{"rendered":"\n<p>O empreendedor social F\u00e1bio Silva, CEO da Rede Muda Mundo e fundador da Casa Zero, lan\u00e7a oficialmente o livro \u201cZero\u201d, publicado pela Editora Voo. A publica\u00e7\u00e3o consolida mais de uma d\u00e9cada de atua\u00e7\u00e3o no campo do impacto social, da inova\u00e7\u00e3o cidad\u00e3 e do engajamento coletivo. O lan\u00e7amento ter\u00e1 duas sess\u00f5es de aut\u00f3grafos: a primeira no dia 28 de outubro, \u00e0s 18h, na Casa Zero, no Recife Antigo, e a segunda no dia 4 de novembro, tamb\u00e9m \u00e0s 18h, na Livraria Alma, em Pinheiros, S\u00e3o Paulo. &#13;<br \/>\n&#13;\n<\/p>\n<p>A obra revisita a trajet\u00f3ria do autor desde 2010, ano em que Pernambuco enfrentou uma das maiores enchentes de sua hist\u00f3ria recente e cerca de 50 mil fam\u00edlias foram afetadas. O epis\u00f3dio marcou o que F\u00e1bio chama de seu \u201cdia zero\u201d, um ponto de virada que o levou a dedicar sua vida \u00e0 cria\u00e7\u00e3o de solu\u00e7\u00f5es estruturadas de mobiliza\u00e7\u00e3o social e ao fortalecimento do voluntariado como ferramenta de transforma\u00e7\u00e3o. &#13;<br \/>\n&#13;\n<\/p>\n<p>Ao longo dessa trajet\u00f3ria, F\u00e1bio idealizou iniciativas que se tornaram refer\u00eancia nacional e internacional, como Novo Jeito, Transforma Brasil, Porto Social, F\u00e1brica do Bem e Casa Zero. Juntas, elas impulsionaram mais de sete mil projetos sociais e mobilizaram milh\u00f5es de horas de trabalho volunt\u00e1rio, impactando diretamente comunidades em diversas regi\u00f5es do Brasil. A consolida\u00e7\u00e3o dessas iniciativas resultou na forma\u00e7\u00e3o da Rede Muda Mundo, um dos principais ecossistemas de inova\u00e7\u00e3o e engajamento c\u00edvico do pa\u00eds. &#13;<br \/>\n&#13;\n<\/p>\n<p>Com uma abordagem t\u00e9cnica e estrat\u00e9gica, \u201cZero\u201d vai al\u00e9m do relato biogr\u00e1fico e apresenta reflex\u00f5es sobre temas centrais para o setor social contempor\u00e2neo, como lideran\u00e7a colaborativa, inova\u00e7\u00e3o, ESG, governan\u00e7a, gest\u00e3o de crises e modelos h\u00edbridos de neg\u00f3cio de impacto. A publica\u00e7\u00e3o traz ainda ferramentas pr\u00e1ticas para organiza\u00e7\u00f5es, empresas e gestores que desejam estruturar iniciativas transformadoras, fortalecer causas sociais e ampliar resultados com efici\u00eancia e prop\u00f3sito. &#13;<br \/>\n&#13;\n<\/p>\n<p>Para F\u00e1bio, o conceito de \u201czero\u201d representa o in\u00edcio de um novo ciclo e a oportunidade de transforma\u00e7\u00e3o. Segundo ele, o impacto coletivo depende de a\u00e7\u00e3o, coragem e colabora\u00e7\u00e3o, e o livro busca mostrar como ideias podem se tornar solu\u00e7\u00f5es concretas que mudam vidas e fortalecem comunidades. &#13;<br \/>\n&#13;\n<\/p>\n<p>A obra tamb\u00e9m apresenta caminhos para o futuro do impacto social no Brasil. Entre os pr\u00f3ximos passos est\u00e1 a expans\u00e3o da atua\u00e7\u00e3o da Casa Zero para outras regi\u00f5es do pa\u00eds. A cidade de S\u00e3o Paulo ser\u00e1 um dos polos estrat\u00e9gicos, com a instala\u00e7\u00e3o da Casa Zero 11 no centro da capital, um espa\u00e7o voltado \u00e0 articula\u00e7\u00e3o de iniciativas, conex\u00e3o de lideran\u00e7as e desenvolvimento de projetos transformadores. &#13;<br \/>\n&#13;\n<\/p>\n<p>Veja tamb\u00e9m<\/p>\n","protected":false},"excerpt":{"rendered":"O empreendedor social F\u00e1bio Silva, CEO da Rede Muda Mundo e fundador da Casa Zero, lan\u00e7a oficialmente o&hellip;\n","protected":false},"author":2,"featured_media":124621,"comment_status":"","ping_status":"","sticky":false,"template":"","format":"standard","meta":{"footnotes":""},"categories":[143],"tags":[169,114,115,170,32,33],"class_list":{"0":"post-124620","1":"post","2":"type-post","3":"status-publish","4":"format-standard","5":"has-post-thumbnail","7":"category-livros","8":"tag-books","9":"tag-entertainment","10":"tag-entretenimento","11":"tag-livros","12":"tag-portugal","13":"tag-pt"},"share_on_mastodon":{"url":"https:\/\/pubeurope.com\/@pt\/115429587445931617","error":""},"_links":{"self":[{"href":"https:\/\/www.europesays.com\/pt\/wp-json\/wp\/v2\/posts\/124620","targetHints":{"allow":["GET"]}}],"collection":[{"href":"https:\/\/www.europesays.com\/pt\/wp-json\/wp\/v2\/posts"}],"about":[{"href":"https:\/\/www.europesays.com\/pt\/wp-json\/wp\/v2\/types\/post"}],"author":[{"embeddable":true,"href":"https:\/\/www.europesays.com\/pt\/wp-json\/wp\/v2\/users\/2"}],"replies":[{"embeddable":true,"href":"https:\/\/www.europesays.com\/pt\/wp-json\/wp\/v2\/comments?post=124620"}],"version-history":[{"count":0,"href":"https:\/\/www.europesays.com\/pt\/wp-json\/wp\/v2\/posts\/124620\/revisions"}],"wp:featuredmedia":[{"embeddable":true,"href":"https:\/\/www.europesays.com\/pt\/wp-json\/wp\/v2\/media\/124621"}],"wp:attachment":[{"href":"https:\/\/www.europesays.com\/pt\/wp-json\/wp\/v2\/media?parent=124620"}],"wp:term":[{"taxonomy":"category","embeddable":true,"href":"https:\/\/www.europesays.com\/pt\/wp-json\/wp\/v2\/categories?post=124620"},{"taxonomy":"post_tag","embeddable":true,"href":"https:\/\/www.europesays.com\/pt\/wp-json\/wp\/v2\/tags?post=124620"}],"curies":[{"name":"wp","href":"https:\/\/api.w.org\/{rel}","templated":true}]}}