{"id":124713,"date":"2025-10-24T15:22:07","date_gmt":"2025-10-24T15:22:07","guid":{"rendered":"https:\/\/www.europesays.com\/pt\/124713\/"},"modified":"2025-10-24T15:22:07","modified_gmt":"2025-10-24T15:22:07","slug":"brasil-avancado-de-20-anos-morre-apos-acidente-com-vaca","status":"publish","type":"post","link":"https:\/\/www.europesays.com\/pt\/124713\/","title":{"rendered":"Brasil: avan\u00e7ado de 20 anos morre ap\u00f3s acidente com vaca"},"content":{"rendered":"<p style=\"margin-bottom:11px\">Antony Ylano, avan\u00e7ado brasileiro de 20 anos da forma\u00e7\u00e3o do Piau\u00ed, morreu na madrugada de segunda-feira na sequ\u00eancia de um acidente. De acordo com a imprensa brasileira, Ylano conduzia um motociclo e chocou com uma vaca que atravessava a estrada. Para agudizar o contexto, amigos contaram \u00e0 imprensa local que este jovem celebrava o anivers\u00e1rio do pai naquele dia.<\/p>\n<p>Na quinta-feira, antes do encontro com o Fortaleza para a Ta\u00e7a do Brasil de sub-20, o Piau\u00ed homenageou Antony Ylano.<\/p>\n<blockquote class=\"instagram-media\" data-instgrm-captioned=\"\" data-instgrm-permalink=\"https:\/\/www.instagram.com\/p\/DQKv419DaYL\/?utm_source=ig_embed&amp;utm_campaign=loading\" data-instgrm-version=\"14\" style=\" background:#FFF; border:0; border-radius:3px; box-shadow:0 0 1px 0 rgba(0,0,0,0.5),0 1px 10px 0 rgba(0,0,0,0.15); margin: 1px; max-width:540px; min-width:326px; padding:0; width:99.375%; width:-webkit-calc(100% - 2px); width:calc(100% - 2px);\">\n<\/blockquote>\n<p>\u00a0<\/p>\n<blockquote class=\"instagram-media\" data-instgrm-captioned=\"\" data-instgrm-permalink=\"https:\/\/www.instagram.com\/p\/DQBxOx3DWRI\/?utm_source=ig_embed&amp;utm_campaign=loading\" data-instgrm-version=\"14\" style=\" background:#FFF; border:0; border-radius:3px; box-shadow:0 0 1px 0 rgba(0,0,0,0.5),0 1px 10px 0 rgba(0,0,0,0.15); margin: 1px; max-width:540px; min-width:326px; padding:0; width:99.375%; width:-webkit-calc(100% - 2px); width:calc(100% - 2px);\">\n<\/blockquote>\n<p>                                <script async src=\"\/\/www.instagram.com\/embed.js\"><\/script><\/p>\n","protected":false},"excerpt":{"rendered":"Antony Ylano, avan\u00e7ado brasileiro de 20 anos da forma\u00e7\u00e3o do Piau\u00ed, morreu na madrugada de segunda-feira na sequ\u00eancia&hellip;\n","protected":false},"author":2,"featured_media":124714,"comment_status":"","ping_status":"","sticky":false,"template":"","format":"standard","meta":{"footnotes":""},"categories":[87],"tags":[726,135,82,1339,46,1437,28726,32,33,47,134],"class_list":{"0":"post-124713","1":"post","2":"type-post","3":"status-publish","4":"format-standard","5":"has-post-thumbnail","7":"category-desporto","8":"tag-brasil","9":"tag-desporto","10":"tag-internacional","11":"tag-luto","12":"tag-maisfutebol","13":"tag-morte","14":"tag-piaui","15":"tag-portugal","16":"tag-pt","17":"tag-pura-paixao","18":"tag-sports"},"share_on_mastodon":{"url":"https:\/\/pubeurope.com\/@pt\/115429831514965780","error":""},"_links":{"self":[{"href":"https:\/\/www.europesays.com\/pt\/wp-json\/wp\/v2\/posts\/124713","targetHints":{"allow":["GET"]}}],"collection":[{"href":"https:\/\/www.europesays.com\/pt\/wp-json\/wp\/v2\/posts"}],"about":[{"href":"https:\/\/www.europesays.com\/pt\/wp-json\/wp\/v2\/types\/post"}],"author":[{"embeddable":true,"href":"https:\/\/www.europesays.com\/pt\/wp-json\/wp\/v2\/users\/2"}],"replies":[{"embeddable":true,"href":"https:\/\/www.europesays.com\/pt\/wp-json\/wp\/v2\/comments?post=124713"}],"version-history":[{"count":0,"href":"https:\/\/www.europesays.com\/pt\/wp-json\/wp\/v2\/posts\/124713\/revisions"}],"wp:featuredmedia":[{"embeddable":true,"href":"https:\/\/www.europesays.com\/pt\/wp-json\/wp\/v2\/media\/124714"}],"wp:attachment":[{"href":"https:\/\/www.europesays.com\/pt\/wp-json\/wp\/v2\/media?parent=124713"}],"wp:term":[{"taxonomy":"category","embeddable":true,"href":"https:\/\/www.europesays.com\/pt\/wp-json\/wp\/v2\/categories?post=124713"},{"taxonomy":"post_tag","embeddable":true,"href":"https:\/\/www.europesays.com\/pt\/wp-json\/wp\/v2\/tags?post=124713"}],"curies":[{"name":"wp","href":"https:\/\/api.w.org\/{rel}","templated":true}]}}