{"id":124727,"date":"2025-10-24T15:32:17","date_gmt":"2025-10-24T15:32:17","guid":{"rendered":"https:\/\/www.europesays.com\/pt\/124727\/"},"modified":"2025-10-24T15:32:17","modified_gmt":"2025-10-24T15:32:17","slug":"palavras-de-uma-filha-a-uma-mae-que-ja-partiu-e-o-mote-do-livro-a-apresentar-na-povoa-de-santa-iria-cm-vila-franca-de-xira","status":"publish","type":"post","link":"https:\/\/www.europesays.com\/pt\/124727\/","title":{"rendered":"Palavras de uma filha a uma m\u00e3e que j\u00e1 partiu \u00e9 o mote do livro a apresentar na P\u00f3voa de Santa Iria | CM Vila Franca de Xira"},"content":{"rendered":"<p>A Biblioteca Municipal da P\u00f3voa de Santa Iria recebe, no dia 6 de dezembro, \u00e0s 15h30, a escritora Sara Alfenim para a apresenta\u00e7\u00e3o do seu novo livro, Carta \u00e0 M\u00e3e, publicado pela Oficina da Escrita.<\/p>\n<p>Em Carta \u00e0 M\u00e3e, a autora revela um testemunho \u00edntimo e comovente \u2014 uma carta escrita a uma m\u00e3e ausente, onde se cruzam o amor, a dor e a mem\u00f3ria. Entre o sil\u00eancio e a palavra, Sara Alfenim constr\u00f3i uma narrativa po\u00e9tica sobre o luto e o v\u00ednculo indestrut\u00edvel entre m\u00e3e e filha, num texto que ecoa pela verdade emocional e pela delicadeza da escrita.<\/p>\n<p>Entrada livre, sujeita \u00e0 lota\u00e7\u00e3o do espa\u00e7o.<\/p>\n","protected":false},"excerpt":{"rendered":"A Biblioteca Municipal da P\u00f3voa de Santa Iria recebe, no dia 6 de dezembro, \u00e0s 15h30, a escritora&hellip;\n","protected":false},"author":2,"featured_media":124728,"comment_status":"","ping_status":"","sticky":false,"template":"","format":"standard","meta":{"footnotes":""},"categories":[143],"tags":[169,114,115,170,32,33],"class_list":{"0":"post-124727","1":"post","2":"type-post","3":"status-publish","4":"format-standard","5":"has-post-thumbnail","7":"category-livros","8":"tag-books","9":"tag-entertainment","10":"tag-entretenimento","11":"tag-livros","12":"tag-portugal","13":"tag-pt"},"share_on_mastodon":{"url":"https:\/\/pubeurope.com\/@pt\/115429870476448469","error":""},"_links":{"self":[{"href":"https:\/\/www.europesays.com\/pt\/wp-json\/wp\/v2\/posts\/124727","targetHints":{"allow":["GET"]}}],"collection":[{"href":"https:\/\/www.europesays.com\/pt\/wp-json\/wp\/v2\/posts"}],"about":[{"href":"https:\/\/www.europesays.com\/pt\/wp-json\/wp\/v2\/types\/post"}],"author":[{"embeddable":true,"href":"https:\/\/www.europesays.com\/pt\/wp-json\/wp\/v2\/users\/2"}],"replies":[{"embeddable":true,"href":"https:\/\/www.europesays.com\/pt\/wp-json\/wp\/v2\/comments?post=124727"}],"version-history":[{"count":0,"href":"https:\/\/www.europesays.com\/pt\/wp-json\/wp\/v2\/posts\/124727\/revisions"}],"wp:featuredmedia":[{"embeddable":true,"href":"https:\/\/www.europesays.com\/pt\/wp-json\/wp\/v2\/media\/124728"}],"wp:attachment":[{"href":"https:\/\/www.europesays.com\/pt\/wp-json\/wp\/v2\/media?parent=124727"}],"wp:term":[{"taxonomy":"category","embeddable":true,"href":"https:\/\/www.europesays.com\/pt\/wp-json\/wp\/v2\/categories?post=124727"},{"taxonomy":"post_tag","embeddable":true,"href":"https:\/\/www.europesays.com\/pt\/wp-json\/wp\/v2\/tags?post=124727"}],"curies":[{"name":"wp","href":"https:\/\/api.w.org\/{rel}","templated":true}]}}