{"id":124741,"date":"2025-10-24T15:41:25","date_gmt":"2025-10-24T15:41:25","guid":{"rendered":"https:\/\/www.europesays.com\/pt\/124741\/"},"modified":"2025-10-24T15:41:25","modified_gmt":"2025-10-24T15:41:25","slug":"antes-e-depois-as-imagens-de-satelite-da-casa-branca-apos-a-demolicao-da-ala-leste","status":"publish","type":"post","link":"https:\/\/www.europesays.com\/pt\/124741\/","title":{"rendered":"Antes e depois. As imagens de sat\u00e9lite da Casa Branca ap\u00f3s a demoli\u00e7\u00e3o da Ala Leste"},"content":{"rendered":"<p data-remotead-prev-elm=\"true\" data-remotead-elm-id=\"inread\"><img decoding=\"async\" class=\"ngx-body\" guid=\"3f1f91f4-a9b6-4bc4-aa66-74a543c89ac4\" src=\"https:\/\/www.europesays.com\/pt\/wp-content\/uploads\/2025\/10\/1761320485_490_image.jpg\" width=\"100%\"\/>Fotos de 9 de setembro e 23 de outubro de 2025 mostram Ala Leste inteira da Casa Branca demolida (Foto: 2025 Planet Labs PBC \/ AFP)<\/p>\n<p>Trump permitiu que a demoli\u00e7\u00e3o come\u00e7asse esta semana, apesar de ainda n\u00e3o ter a aprova\u00e7\u00e3o das ag\u00eancias governamentais com jurisdi\u00e7\u00e3o sobre constru\u00e7\u00f5es em propriedades federais, como \u00e9 o caso da emblem\u00e1tica sede da presid\u00eancia norte-americana, na capital Washington, DC. Organiza\u00e7\u00f5es de defesa do patrim\u00f3nio tamb\u00e9m instaram o Governo Trump a suspender a demoli\u00e7\u00e3o at\u00e9 que possam passar pelo necess\u00e1rio processo de consulta p\u00fablica os planos para a zona do edif\u00edcio hist\u00f3rico, onde ser\u00e1 constru\u00eddo um sal\u00e3o de baile avaliado em 300 milh\u00f5es de d\u00f3lares (258 milh\u00f5es de euros).<\/p>\n<p>O governo insistiu que n\u00e3o precisa da aprova\u00e7\u00e3o da Comiss\u00e3o Nacional de Planeamento da Capital, o organismo respons\u00e1vel por permitir a constru\u00e7\u00e3o de obras e grandes renova\u00e7\u00f5es em edif\u00edcios governamentais na \u00e1rea de Washington, defendendo que tal apenas \u00e9 necess\u00e1rio para novas constru\u00e7\u00f5es. Os escrit\u00f3rios da comiss\u00e3o est\u00e3o encerrados devido \u00e0 paralisa\u00e7\u00e3o do governo, que come\u00e7ou no dia 01 de outubro devido \u00e0s diverg\u00eancias entre os republicanos e os democratas sobre o financiamento das ag\u00eancias governamentais.<\/p>\n<p data-remotead-prev-elm=\"true\" data-remotead-elm-id=\"centro1\">Fotos desta quinta-feira mostram que est\u00e1 agora reduzida a escombros a hist\u00f3rica estrutura de dois andares com salas de estar e escrit\u00f3rios, incluindo o espa\u00e7o de trabalho para as primeiras-damas e as suas equipas. A nova estrutura a erguer na zona ter\u00e1 capacidade para 999 pessoas e uma \u00e1rea 8.361 metros quadrados, quase o dobro do tamanho do edif\u00edcio da Casa Branca, n\u00e3o tendo sido clarificado se a equipa de Trump entregou aos organismos respons\u00e1veis os planos do sal\u00e3o de baile, segundo a AP.<\/p>\n<p>O pr\u00f3prio Trump chegou a dizer que a Ala Leste n\u00e3o seria totalmente demolida, apenas em parte, mas a maquinaria pesada a trabalhar no local desde in\u00edcio da semana arrasou completamente a estrutura. Na quarta-feira, Trump justificou que a preserva\u00e7\u00e3o da Ala Leste teria &#8220;prejudicado um edif\u00edcio muito, muito caro e bonito&#8221; que, segundo ele, h\u00e1 anos \u00e9 desejado pelos presidentes norte-americanos.<\/p>\n<p>&#8220;Eu e alguns amigos meus&#8221; pagaremos o sal\u00e3o de baile, sem qualquer custo para os contribuintes, disse ainda o empres\u00e1rio reeleito em 2024 para um segundo mandato presidencial. Entre os doadores est\u00e3o <a href=\"https:\/\/www.jn.pt\/mundo\/artigo\/doadores-de-salao-de-baile-de-trump-na-casa-branca-incluem-amazon-e-apple\/18012126\" target=\"_blank\" rel=\"nofollow noopener\">empresas tecnol\u00f3gicas como Amazon e Apple<\/a>.<\/p>\n<p>A remo\u00e7\u00e3o de \u00e1rvores e outros trabalhos de prepara\u00e7\u00e3o do local come\u00e7aram em setembro. A Casa Branca informou que o projeto estar\u00e1 conclu\u00eddo antes do final do mandato de Donald Trump, em janeiro de 2029.<\/p>\n","protected":false},"excerpt":{"rendered":"Fotos de 9 de setembro e 23 de outubro de 2025 mostram Ala Leste inteira da Casa Branca&hellip;\n","protected":false},"author":2,"featured_media":124742,"comment_status":"","ping_status":"","sticky":false,"template":"","format":"standard","meta":{"footnotes":""},"categories":[50],"tags":[27,28,5914,92,413,15,16,14,25,26,21,22,62,12,13,19,20,23,24,17,18,29,30,31,63,64,65],"class_list":{"0":"post-124741","1":"post","2":"type-post","3":"status-publish","4":"format-standard","5":"has-post-thumbnail","7":"category-mundo","8":"tag-breaking-news","9":"tag-breakingnews","10":"tag-casa-branca","11":"tag-donald-trump","12":"tag-eua","13":"tag-featured-news","14":"tag-featurednews","15":"tag-headlines","16":"tag-latest-news","17":"tag-latestnews","18":"tag-main-news","19":"tag-mainnews","20":"tag-mundo","21":"tag-news","22":"tag-noticias","23":"tag-noticias-principais","24":"tag-noticiasprincipais","25":"tag-principais-noticias","26":"tag-principaisnoticias","27":"tag-top-stories","28":"tag-topstories","29":"tag-ultimas","30":"tag-ultimas-noticias","31":"tag-ultimasnoticias","32":"tag-world","33":"tag-world-news","34":"tag-worldnews"},"share_on_mastodon":{"url":"https:\/\/pubeurope.com\/@pt\/115429905822483916","error":""},"_links":{"self":[{"href":"https:\/\/www.europesays.com\/pt\/wp-json\/wp\/v2\/posts\/124741","targetHints":{"allow":["GET"]}}],"collection":[{"href":"https:\/\/www.europesays.com\/pt\/wp-json\/wp\/v2\/posts"}],"about":[{"href":"https:\/\/www.europesays.com\/pt\/wp-json\/wp\/v2\/types\/post"}],"author":[{"embeddable":true,"href":"https:\/\/www.europesays.com\/pt\/wp-json\/wp\/v2\/users\/2"}],"replies":[{"embeddable":true,"href":"https:\/\/www.europesays.com\/pt\/wp-json\/wp\/v2\/comments?post=124741"}],"version-history":[{"count":0,"href":"https:\/\/www.europesays.com\/pt\/wp-json\/wp\/v2\/posts\/124741\/revisions"}],"wp:featuredmedia":[{"embeddable":true,"href":"https:\/\/www.europesays.com\/pt\/wp-json\/wp\/v2\/media\/124742"}],"wp:attachment":[{"href":"https:\/\/www.europesays.com\/pt\/wp-json\/wp\/v2\/media?parent=124741"}],"wp:term":[{"taxonomy":"category","embeddable":true,"href":"https:\/\/www.europesays.com\/pt\/wp-json\/wp\/v2\/categories?post=124741"},{"taxonomy":"post_tag","embeddable":true,"href":"https:\/\/www.europesays.com\/pt\/wp-json\/wp\/v2\/tags?post=124741"}],"curies":[{"name":"wp","href":"https:\/\/api.w.org\/{rel}","templated":true}]}}