{"id":124743,"date":"2025-10-24T15:44:19","date_gmt":"2025-10-24T15:44:19","guid":{"rendered":"https:\/\/www.europesays.com\/pt\/124743\/"},"modified":"2025-10-24T15:44:19","modified_gmt":"2025-10-24T15:44:19","slug":"empresa-de-fafe-vai-produzir-um-milhao-de-pudins-por-ano-com-olho-na-china","status":"publish","type":"post","link":"https:\/\/www.europesays.com\/pt\/124743\/","title":{"rendered":"Empresa de Fafe vai produzir um milh\u00e3o de pudins por ano com olho na China"},"content":{"rendered":"<p>        O criador do Pudim da TV, Paulo Fernandes, anunciou que, at\u00e9 ao final do ano, a f\u00e1brica da empresa no distrito de Braga ter\u00e1 quatro robots a operar, atingindo assim a capacidade para produzir um milh\u00e3o de pudins por ano.    <\/p>\n<p>Uma empresa de Fafe disse hoje que est\u00e1 a investir em robots para conseguir produzir, por ano, um milh\u00e3o de pudins inspirados no pudim abade de priscos e come\u00e7ar a exportar para a China.<\/p>\n<p class=\"text-paragraph\">O criador do Pudim da TV, Paulo Fernandes, anunciou que, at\u00e9 ao final do ano, a f\u00e1brica da empresa no distrito de Braga ter\u00e1 quatro robots a operar, atingindo assim a capacidade para produzir um milh\u00e3o de pudins por ano.<\/p>\n<p class=\"text-paragraph\">A unidade fabril, criada h\u00e1 dois anos e meio, j\u00e1 fornece sobremesas a mais de 400 restaurantes em Portugal e exporta para nove pa\u00edses na Europa e Am\u00e9rica do Sul, disse Fernandes.<\/p>\n<p class=\"text-paragraph\">O empres\u00e1rio falava aos jornalistas durante o segundo dia da 2.\u00aa Exposi\u00e7\u00e3o Econ\u00f3mica e Comercial China\u2013Pa\u00edses de L\u00edngua Portuguesa (C-PLPEX), que est\u00e1 a decorrer em simult\u00e2neo com a 30.\u00aa Feira Internacional de Macau.<\/p>\n<p class=\"text-paragraph\">Fernandes trouxe o Pudim da TV ao territ\u00f3rio \u201cacima de tudo para tentar perceber como \u00e9 que \u00e9 o palato daqui dos chineses, se o pudim \u00e9 bem aceite ou se n\u00f3s temos que fazer alguma afina\u00e7\u00e3o ao sabor\u201d.<\/p>\n<p class=\"text-paragraph\">A empresa, cujo volume de neg\u00f3cios atinge \u201cumas centenas de milhares de euros\u201d, pretende tamb\u00e9m \u201carranjar parceiros\u201d para fazer a distribui\u00e7\u00e3o do pudim e repetir \u201co crescimento exponencial\u201d do pastel de nata no estrangeiro.<\/p>\n<p class=\"text-paragraph\">Em 13 de outubro, Macau inscreveu os past\u00e9is de nata locais, inventados por um brit\u00e2nico radicado na cidade, Andrew Stow (1955-2006), e inspirados pelo pastel portugu\u00eas, na Lista do Patrim\u00f3nio Cultural Intang\u00edvel.<\/p>\n<p class=\"text-paragraph\">Paulo Fernandes disse estar a analisar a possibilidade de aderir a um programa do Governo de Macau, que ir\u00e1 entrar em vigor em novembro, para ajudar empresas estrangeiras a internacionalizar-se a partir da regi\u00e3o chinesa.<\/p>\n<p class=\"text-paragraph\">O chef revelou que tem hoje reuni\u00f5es marcadas com potenciais parceiros. Dependendo do interesse, Macau pode ser a \u201cporta de entrada\u201d do Pudim da TV para mercados como a vizinha Hong Kong e a China continental.<\/p>\n","protected":false},"excerpt":{"rendered":"O criador do Pudim da TV, Paulo Fernandes, anunciou que, at\u00e9 ao final do ano, a f\u00e1brica da&hellip;\n","protected":false},"author":2,"featured_media":124744,"comment_status":"","ping_status":"","sticky":false,"template":"","format":"standard","meta":{"footnotes":""},"categories":[8],"tags":[27,28,358,15,16,14,25,26,21,22,12,13,19,20,32,23,24,33,28731,17,18,29,30,31],"class_list":{"0":"post-124743","1":"post","2":"type-post","3":"status-publish","4":"format-standard","5":"has-post-thumbnail","7":"category-principais-noticias","8":"tag-breaking-news","9":"tag-breakingnews","10":"tag-china","11":"tag-featured-news","12":"tag-featurednews","13":"tag-headlines","14":"tag-latest-news","15":"tag-latestnews","16":"tag-main-news","17":"tag-mainnews","18":"tag-news","19":"tag-noticias","20":"tag-noticias-principais","21":"tag-noticiasprincipais","22":"tag-portugal","23":"tag-principais-noticias","24":"tag-principaisnoticias","25":"tag-pt","26":"tag-pudim-da-tv","27":"tag-top-stories","28":"tag-topstories","29":"tag-ultimas","30":"tag-ultimas-noticias","31":"tag-ultimasnoticias"},"share_on_mastodon":{"url":"https:\/\/pubeurope.com\/@pt\/115429917872517442","error":""},"_links":{"self":[{"href":"https:\/\/www.europesays.com\/pt\/wp-json\/wp\/v2\/posts\/124743","targetHints":{"allow":["GET"]}}],"collection":[{"href":"https:\/\/www.europesays.com\/pt\/wp-json\/wp\/v2\/posts"}],"about":[{"href":"https:\/\/www.europesays.com\/pt\/wp-json\/wp\/v2\/types\/post"}],"author":[{"embeddable":true,"href":"https:\/\/www.europesays.com\/pt\/wp-json\/wp\/v2\/users\/2"}],"replies":[{"embeddable":true,"href":"https:\/\/www.europesays.com\/pt\/wp-json\/wp\/v2\/comments?post=124743"}],"version-history":[{"count":0,"href":"https:\/\/www.europesays.com\/pt\/wp-json\/wp\/v2\/posts\/124743\/revisions"}],"wp:featuredmedia":[{"embeddable":true,"href":"https:\/\/www.europesays.com\/pt\/wp-json\/wp\/v2\/media\/124744"}],"wp:attachment":[{"href":"https:\/\/www.europesays.com\/pt\/wp-json\/wp\/v2\/media?parent=124743"}],"wp:term":[{"taxonomy":"category","embeddable":true,"href":"https:\/\/www.europesays.com\/pt\/wp-json\/wp\/v2\/categories?post=124743"},{"taxonomy":"post_tag","embeddable":true,"href":"https:\/\/www.europesays.com\/pt\/wp-json\/wp\/v2\/tags?post=124743"}],"curies":[{"name":"wp","href":"https:\/\/api.w.org\/{rel}","templated":true}]}}