{"id":124756,"date":"2025-10-24T15:56:10","date_gmt":"2025-10-24T15:56:10","guid":{"rendered":"https:\/\/www.europesays.com\/pt\/124756\/"},"modified":"2025-10-24T15:56:10","modified_gmt":"2025-10-24T15:56:10","slug":"polemica-com-filho-da-princesa-da-noruega-escala-apos-alegacoes-de-venda-de-droga","status":"publish","type":"post","link":"https:\/\/www.europesays.com\/pt\/124756\/","title":{"rendered":"Pol\u00e9mica com filho da princesa da Noruega escala ap\u00f3s alega\u00e7\u00f5es de venda de droga"},"content":{"rendered":"<p data-remotead-prev-elm=\"true\" data-remotead-elm-id=\"inread\">A monarquia norueguesa volta a estar no centro das aten\u00e7\u00f5es. Marius Borg H\u00f8iby, filho mais velho da princesa Mette-Marit, regressa \u00e0s manchetes com o lan\u00e7amento do livro &#8220;Hvite striper, sorte f\u00e5r&#8221; (&#8220;Riscas brancas, ovelhas negras&#8221;), que descreve epis\u00f3dios de consumo e alegada venda de coca\u00edna em frente ao Pal\u00e1cio Real de Oslo.<\/p>\n<p><img decoding=\"async\" class=\"ngx-body\" guid=\"9accfa25-0527-4cbf-831a-08148b4d92de\" src=\"https:\/\/www.europesays.com\/pt\/wp-content\/uploads\/2025\/10\/1761321370_175_image.jpg\" width=\"100%\"\/>Novo livro sobre Marius Borg H\u00f8iby (filho de Mette-Marit, princesa herdeira da Noruega), &#8220;Riscas Brancas, Ovelhas Negras&#8221;, em exposi\u00e7\u00e3o numa livraria em Oslo, Noruega (Foto: Jonas F\u00e6ste Laksekj\u00f8n \/ NTB \/ AFP) <\/p>\n<p>Os autores afirmam que a informa\u00e7\u00e3o foi recolhida de fontes consideradas cred\u00edveis e que todos os relatos foram verificados antes da publica\u00e7\u00e3o. &#8220;As nossas fontes s\u00e3o cred\u00edveis e as hist\u00f3rias foram verificadas&#8221;, disse \u00d8istein Monsen, garantindo que n\u00e3o se trata de simples rumores. No entanto, a obra tem sido criticada por explorar a imagem do jovem para fins comerciais, sem que haja processos judiciais que confirmem algumas das alega\u00e7\u00f5es.<\/p>\n<p>Julgamento em fevereiro<\/p>\n<p data-remotead-prev-elm=\"true\" data-remotead-elm-id=\"centro1\">Entretanto, Marius tem outras pol\u00e9micas a correr na Justi\u00e7a. Acusado de 32 crimes, entre eles quatro de viola\u00e7\u00e3o, agress\u00f5es e outros delitos, o julgamento est\u00e1 agendado para decorrer entre 3 de fevereiro e 13 de mar\u00e7o do pr\u00f3ximo ano, no Tribunal de Oslo. O processo dever\u00e1 prolongar-se por seis semanas, com 24 sess\u00f5es no total. O procurador Sturla Henriksbo confirmou as acusa\u00e7\u00f5es.<\/p>\n<blockquote data-type=\"articles\" data-id=\"related-article-17870991\"><p>\n              <strong>Leia tamb\u00e9m <\/strong><br \/>\n              <a href=\"https:\/\/www.jn.pt\/pessoas\/artigo\/acusado-de-violacao-o-filho-mais-velho-da-princesa-mette-marit-comeca-a-ser-julgado-a-3-de-fevereiro\/17870991\" rel=\"nofollow noopener\" target=\"_blank\">Acusado de viola\u00e7\u00e3o, o filho mais velho da princesa Mette-Marit come\u00e7a a ser julgado a 3 de fevereiro<\/a>\n            <\/p><\/blockquote>\n<p>Apesar de nunca ter tido um papel oficial na fam\u00edlia real, Marius cresceu dentro do pal\u00e1cio, ao lado da princesa Ingrid Alexandra e do pr\u00edncipe Sverre Magnus. Ele pr\u00f3prio j\u00e1 admitiu ter lutado contra depend\u00eancias e estar em tratamento. O livro reacende a controv\u00e9rsia em torno de uma das fam\u00edlias reais mais discretas da Europa e coloca novamente em causa o delicado equil\u00edbrio entre a privacidade e a imagem p\u00fablica da Casa Real da Noruega.<\/p>\n<p>At\u00e9 agora, o pal\u00e1cio tem mantido sil\u00eancio sobre o livro e o caso judicial. A exce\u00e7\u00e3o foi o pr\u00edncipe herdeiro Haakon, marido de Mette-Marit, que quebrou a reserva habitual. &#8220;Continuaremos a cumprir os nossos deveres da melhor forma poss\u00edvel, como sempre fazemos. Todos os envolvidos neste caso provavelmente consideram-no desafiante e dif\u00edcil&#8221;, declarou antes de um compromisso oficial em Trondheim.<\/p>\n<p>Entre revela\u00e7\u00f5es e desmentidos<\/p>\n<p data-remotead-prev-elm=\"true\" data-remotead-elm-id=\"centro2\">Os autores do livro garantem estar &#8220;plenamente confiantes&#8221; nas informa\u00e7\u00f5es que recolheram e nas fontes utilizadas. A Casa Real reagiu em comunicado, atrav\u00e9s da porta-voz Guri Varpe, dizendo que a obra cont\u00e9m &#8220;inverdades, afirma\u00e7\u00f5es n\u00e3o documentadas e insinua\u00e7\u00f5es&#8221;.<\/p>\n<p>A pol\u00edcia de Oslo tamb\u00e9m desmentiu que tenha observado Marius Borg a vender drogas, como \u00e9 afirmado no livro. &#8220;Essas observa\u00e7\u00f5es n\u00e3o constam de qualquer relat\u00f3rio policial&#8221;, afirmou um porta-voz \u00e0 NRK.<\/p>\n","protected":false},"excerpt":{"rendered":"A monarquia norueguesa volta a estar no centro das aten\u00e7\u00f5es. Marius Borg H\u00f8iby, filho mais velho da princesa&hellip;\n","protected":false},"author":2,"featured_media":124757,"comment_status":"","ping_status":"","sticky":false,"template":"","format":"standard","meta":{"footnotes":""},"categories":[50],"tags":[11347,27,28,1194,15,16,14,25,26,237,21,22,62,12,965,13,19,20,712,23,24,2013,17,18,29,30,31,63,64,65],"class_list":{"0":"post-124756","1":"post","2":"type-post","3":"status-publish","4":"format-standard","5":"has-post-thumbnail","7":"category-mundo","8":"tag-acusacao","9":"tag-breaking-news","10":"tag-breakingnews","11":"tag-escandalo","12":"tag-featured-news","13":"tag-featurednews","14":"tag-headlines","15":"tag-latest-news","16":"tag-latestnews","17":"tag-livro","18":"tag-main-news","19":"tag-mainnews","20":"tag-mundo","21":"tag-news","22":"tag-noruega","23":"tag-noticias","24":"tag-noticias-principais","25":"tag-noticiasprincipais","26":"tag-pessoas","27":"tag-principais-noticias","28":"tag-principaisnoticias","29":"tag-realeza","30":"tag-top-stories","31":"tag-topstories","32":"tag-ultimas","33":"tag-ultimas-noticias","34":"tag-ultimasnoticias","35":"tag-world","36":"tag-world-news","37":"tag-worldnews"},"share_on_mastodon":{"url":"https:\/\/pubeurope.com\/@pt\/115429964843759661","error":""},"_links":{"self":[{"href":"https:\/\/www.europesays.com\/pt\/wp-json\/wp\/v2\/posts\/124756","targetHints":{"allow":["GET"]}}],"collection":[{"href":"https:\/\/www.europesays.com\/pt\/wp-json\/wp\/v2\/posts"}],"about":[{"href":"https:\/\/www.europesays.com\/pt\/wp-json\/wp\/v2\/types\/post"}],"author":[{"embeddable":true,"href":"https:\/\/www.europesays.com\/pt\/wp-json\/wp\/v2\/users\/2"}],"replies":[{"embeddable":true,"href":"https:\/\/www.europesays.com\/pt\/wp-json\/wp\/v2\/comments?post=124756"}],"version-history":[{"count":0,"href":"https:\/\/www.europesays.com\/pt\/wp-json\/wp\/v2\/posts\/124756\/revisions"}],"wp:featuredmedia":[{"embeddable":true,"href":"https:\/\/www.europesays.com\/pt\/wp-json\/wp\/v2\/media\/124757"}],"wp:attachment":[{"href":"https:\/\/www.europesays.com\/pt\/wp-json\/wp\/v2\/media?parent=124756"}],"wp:term":[{"taxonomy":"category","embeddable":true,"href":"https:\/\/www.europesays.com\/pt\/wp-json\/wp\/v2\/categories?post=124756"},{"taxonomy":"post_tag","embeddable":true,"href":"https:\/\/www.europesays.com\/pt\/wp-json\/wp\/v2\/tags?post=124756"}],"curies":[{"name":"wp","href":"https:\/\/api.w.org\/{rel}","templated":true}]}}