{"id":124760,"date":"2025-10-24T15:59:07","date_gmt":"2025-10-24T15:59:07","guid":{"rendered":"https:\/\/www.europesays.com\/pt\/124760\/"},"modified":"2025-10-24T15:59:07","modified_gmt":"2025-10-24T15:59:07","slug":"lucas-leto-se-envolve-em-colisao-de-transito-no-rj-zoeira","status":"publish","type":"post","link":"https:\/\/www.europesays.com\/pt\/124760\/","title":{"rendered":"Lucas Leto se envolve em colis\u00e3o de tr\u00e2nsito no RJ &#8211; Zoeira"},"content":{"rendered":"<p>Lucas Leto se envolveu em um <strong>incidente de tr\u00e2nsito<\/strong> nesta quinta-feira (23), no Rio de Janeiro. O ator estava saindo de um bar onde artistas do quadro &#8220;Dan\u00e7a dos Famosos&#8221; confraternizavam ap\u00f3s a grava\u00e7\u00e3o do programa que vai ao ar no pr\u00f3ximo domingo (26).<\/p>\n<p><strong>Lucas e a equipe dele estavam em um carro, parado no tr\u00e2nsito, <\/strong>quando uma motocicleta colidiu na traseira do ve\u00edculo. &#8220;Foi s\u00f3 um susto, mas agora est\u00e1 tudo bem&#8221;, disse a assessoria do ator ao Di\u00e1rio do Nordeste, na manh\u00e3 desta sexta-feira (24).\u00a0<\/p>\n<p><strong>O motociclista sofreu ferimentos leves <\/strong>e foi prontamente atendido. O artista e a equipe n\u00e3o se feriram. O ve\u00edculo que levava Leto era um carro de servi\u00e7o da rede Globo.<\/p>\n<p>Eliminado na &#8220;Dan\u00e7a dos Famosos&#8221;<\/p>\n<p>Segundo a colunista F\u00e1bia Oliveira, do Metr\u00f3poles, o ator \u00e9 o eliminado desta semana da &#8220;Dan\u00e7a dos Famosos&#8221;. O epis\u00f3dio deve ir ao ar neste domingo.<\/p>\n<p>A elimina\u00e7\u00e3o aconteceu ap\u00f3s uma disputa apertada com Nicole Bahls, decidida por apenas dois d\u00e9cimos de diferen\u00e7a na pontua\u00e7\u00e3o.<\/p>\n<p>Segundo fontes da coluna, a plateia foi quem determinou o resultado, dando nota ligeiramente superior \u00e0 ex-Panicat. O ator acabou ficando em \u00faltimo lugar no ranking do dia e Bahls ficou na pen\u00faltima posi\u00e7\u00e3o.<\/p>\n<p>O ranking completo da semana, de acordo com informa\u00e7\u00f5es da colunista, ficou assim:\u00a0<\/p>\n<ul>&#13;<\/p>\n<li>1\u00ba lugar: David Junior, considerado o melhor avaliado pelo j\u00fari;\u00a0<\/li>\n<p>&#13;<\/p>\n<li>2\u00ba: Manu Bahtid\u00e3o;\u00a0<\/li>\n<p>&#13;<\/p>\n<li>3\u00ba: Richarlisson;\u00a0<\/li>\n<p>&#13;<\/p>\n<li>4\u00ba: Nicole Bahls;\u00a0<\/li>\n<p>&#13;<\/p>\n<li>5\u00ba: Lucas Leto.<\/li>\n<p>&#13;\n<\/ul>\n","protected":false},"excerpt":{"rendered":"Lucas Leto se envolveu em um incidente de tr\u00e2nsito nesta quinta-feira (23), no Rio de Janeiro. O ator&hellip;\n","protected":false},"author":2,"featured_media":124761,"comment_status":"","ping_status":"","sticky":false,"template":"","format":"standard","meta":{"footnotes":""},"categories":[145],"tags":[2397,211,210,114,115,32,33],"class_list":{"0":"post-124760","1":"post","2":"type-post","3":"status-publish","4":"format-standard","5":"has-post-thumbnail","7":"category-celebridades","8":"tag-artes-cultura-e-entretenimento","9":"tag-celebridades","10":"tag-celebrities","11":"tag-entertainment","12":"tag-entretenimento","13":"tag-portugal","14":"tag-pt"},"share_on_mastodon":{"url":"https:\/\/pubeurope.com\/@pt\/115429976530968664","error":""},"_links":{"self":[{"href":"https:\/\/www.europesays.com\/pt\/wp-json\/wp\/v2\/posts\/124760","targetHints":{"allow":["GET"]}}],"collection":[{"href":"https:\/\/www.europesays.com\/pt\/wp-json\/wp\/v2\/posts"}],"about":[{"href":"https:\/\/www.europesays.com\/pt\/wp-json\/wp\/v2\/types\/post"}],"author":[{"embeddable":true,"href":"https:\/\/www.europesays.com\/pt\/wp-json\/wp\/v2\/users\/2"}],"replies":[{"embeddable":true,"href":"https:\/\/www.europesays.com\/pt\/wp-json\/wp\/v2\/comments?post=124760"}],"version-history":[{"count":0,"href":"https:\/\/www.europesays.com\/pt\/wp-json\/wp\/v2\/posts\/124760\/revisions"}],"wp:featuredmedia":[{"embeddable":true,"href":"https:\/\/www.europesays.com\/pt\/wp-json\/wp\/v2\/media\/124761"}],"wp:attachment":[{"href":"https:\/\/www.europesays.com\/pt\/wp-json\/wp\/v2\/media?parent=124760"}],"wp:term":[{"taxonomy":"category","embeddable":true,"href":"https:\/\/www.europesays.com\/pt\/wp-json\/wp\/v2\/categories?post=124760"},{"taxonomy":"post_tag","embeddable":true,"href":"https:\/\/www.europesays.com\/pt\/wp-json\/wp\/v2\/tags?post=124760"}],"curies":[{"name":"wp","href":"https:\/\/api.w.org\/{rel}","templated":true}]}}