{"id":124762,"date":"2025-10-24T16:01:07","date_gmt":"2025-10-24T16:01:07","guid":{"rendered":"https:\/\/www.europesays.com\/pt\/124762\/"},"modified":"2025-10-24T16:01:07","modified_gmt":"2025-10-24T16:01:07","slug":"maior-edicao-do-elas-publicam-reune-mais-de-50-palestrantes-do-mercado-editorial-em-brasilia-neste-domingo-26-brasil-de-fato","status":"publish","type":"post","link":"https:\/\/www.europesays.com\/pt\/124762\/","title":{"rendered":"Maior edi\u00e7\u00e3o do \u2018Elas Publicam\u2019 re\u00fane mais de 50 palestrantes do mercado editorial em Bras\u00edlia neste domingo (26) \u2014 Brasil de Fato"},"content":{"rendered":"<p>A 9\u00aa e maior edi\u00e7\u00e3o do Elas Publicam \u2013 Encontro de Mulheres do Mercado Editorial acontece neste domingo (26), em Bras\u00edlia. O evento re\u00fane autoras, editoras, tradutoras, revisoras, agentes liter\u00e1rias, ilustradoras, roteiristas e especialistas em debates sobre os rumos da literatura brasileira e a presen\u00e7a feminina no setor.<\/p>\n<p>Criado pela escritora Lella Malta, o projeto nasceu como um espa\u00e7o de troca de experi\u00eancias, forma\u00e7\u00e3o e networking entre mulheres que atuam na cadeia produtiva do livro. \u201cO Elas Publicam nasceu para ser um espa\u00e7o de troca de experi\u00eancias, de networking e de forma\u00e7\u00e3o para essas mulheres que participam ativamente da cadeia produtiva do livro\u201d, explicou Malta, em entrevista ao<a href=\"http:\/\/Criado pela escritora Lella Malta, o projeto nasceu como um espa\u00e7o de troca de experi\u00eancias, forma\u00e7\u00e3o e networking entre mulheres que atuam na cadeia produtiva do livro. \u201cO Elas Publicam nasceu exatamente para ser um espa\u00e7o de troca de experi\u00eancias, de networking e de forma\u00e7\u00e3o para essas mulheres que participam ativamente da cadeia produtiva do livro\u201d, explicou Malta, em entrevista ao Conex\u00e3o BdF.\" rel=\"nofollow\"> Conex\u00e3o BdF<\/a>, da <strong>R\u00e1dio Brasil de Fato<\/strong>.<\/p>\n<p>Ela lembra que o evento j\u00e1 passou por cidades como Campinas, S\u00e3o Paulo, Rio de Janeiro, Salvador e Recife, e agora retorna a Bras\u00edlia, onde ocorreu a edi\u00e7\u00e3o piloto. \u201cToda vez que eu consigo fazer um Elas Publicam fora do eixo Rio-S\u00e3o Paulo, isso me agrada demais porque o mercado editorial ainda est\u00e1 ali, e \u00e9 dif\u00edcil de sair. Ent\u00e3o, quando conseguimos fazer uma edi\u00e7\u00e3o fora, \u00e9 muito bom\u201d, afirmou.<\/p>\n<p>O evento ser\u00e1 realizado no Hotel Toma Jefferson, na Asa Norte, das 9h \u00e0s 17h, com oficinas, rodas de conversa e palestras. \u201cTemos representantes dos grandes grupos editoriais do Brasil, como Globo Livros, Companhia das Letras e Grupo Record. \u00c9 um evento que vai acontecer o dia inteiro, tem comida e bebida para que as mulheres fiquem ali participando de tudo\u201d, contou a escritora. Entre os temas discutidos estar\u00e3o intelig\u00eancia artificial, marketing liter\u00e1rio e as tend\u00eancias do mercado editorial para 2026.<\/p>\n<p>Desigualdade e lideran\u00e7a feminina<\/p>\n<p>Para Lella Malta, as mulheres seguem enfrentando um apagamento hist\u00f3rico e desigualdade de oportunidades no mercado editorial. \u201cSe olharmos as prateleiras de livros em casa, vai ver muito mais nomes de homens. Ent\u00e3o, ainda carregamos todo esse apagamento da escrita de mulheres\u201d, destacou.<\/p>\n<p>Ela defende que \u00e9 preciso ampliar o n\u00famero de mulheres em cargos de lideran\u00e7a dentro das grandes editoras. \u201cQuanto mais mulher tivermos, mais f\u00e1cil essa entrada dentro do mercado editorial para as mulheres que est\u00e3o publicando tamb\u00e9m. N\u00f3s, mulheres, \u00e9 que carregamos o piano. Estamos nos bastidores fazendo tudo acontecer, mas quem decide \u00e9 um homem\u201d, criticou.<\/p>\n<p>Forma\u00e7\u00e3o e visibilidade<\/p>\n<p>Al\u00e9m do Elas Publicam, Malta tamb\u00e9m \u00e9 idealizadora do projeto Escreva Garota, voltado \u00e0 capacita\u00e7\u00e3o de novas escritoras. \u201cEu comecei na autopublica\u00e7\u00e3o h\u00e1 cerca de 12 anos e me sentia muito sozinha. Essas iniciativas visam exatamente focar na forma\u00e7\u00e3o e na visibilidade das mulheres que est\u00e3o tentando entrar no mercado e n\u00e3o sabem por onde come\u00e7ar\u201d, explicou.<\/p>\n<p>O Escreva Garota mant\u00e9m, h\u00e1 quatro anos, uma casa pr\u00f3pria na <a href=\"https:\/\/www.brasildefato.com.br\/podcast\/brasil-de-fato-entrevista\/2025\/07\/30\/poesia-que-salta-na-cara-curadora-da-flip-ve-leminski-como-porta-de-entrada-para-novos-leitores\/\" rel=\"nofollow noopener\" target=\"_blank\">Festa Liter\u00e1ria Internacional de Paraty (Flip)<\/a>. \u201cEu quis, com esses projetos, criar uma rede de apoio que eu n\u00e3o tive quando estava come\u00e7ando\u201d, revelou.<\/p>\n<p>Servi\u00e7o<\/p>\n<p><strong>9\u00aa edi\u00e7\u00e3o do Elas Publicam \u2013 Encontro de Mulheres do Mercado Editorial<\/strong><\/p>\n<ul class=\"wp-block-list\">\n<li>Casa Thomas Jefferson, Asa Norte \u2013 SGAN 606, Bloco B, Bras\u00edlia\/DF<\/li>\n<li>Domingo (26), das 9h \u00e0s 17h<\/li>\n<li><a href=\"https:\/\/www.elaspublicam.com.br\/inscricao\" rel=\"nofollow noopener\" target=\"_blank\">Ingressos<\/a>: R$ 200 via pix e R$ 250 no cart\u00e3o em 6x<\/li>\n<li><a href=\"https:\/\/www.elaspublicam.com.br\/\" rel=\"nofollow noopener\" target=\"_blank\">Programa\u00e7\u00e3o<\/a><\/li>\n<\/ul>\n<p>Para ouvir e assistir<\/p>\n<p>O jornal\u00a0Conex\u00e3o BdF\u00a0vai ao ar em duas edi\u00e7\u00f5es, de segunda a sexta-feira: a primeira \u00e0s 9h e a segunda \u00e0s 17h, na\u00a0<strong><a href=\"https:\/\/radiobrasildefato.com.br\/\" target=\"_blank\" rel=\"noreferrer noopener nofollow\">R\u00e1dio Brasil de Fato<\/a><\/strong>,\u00a0<strong>98.9 FM<\/strong>\u00a0na Grande S\u00e3o Paulo, com transmiss\u00e3o simult\u00e2nea tamb\u00e9m pelo\u00a0<a href=\"https:\/\/www.youtube.com\/@brasildefato\/playlists\" target=\"_blank\" rel=\"noreferrer noopener nofollow\">YouTube do Brasil de Fato<\/a>.<\/p>\n","protected":false},"excerpt":{"rendered":"A 9\u00aa e maior edi\u00e7\u00e3o do Elas Publicam \u2013 Encontro de Mulheres do Mercado Editorial acontece neste domingo&hellip;\n","protected":false},"author":2,"featured_media":124763,"comment_status":"","ping_status":"","sticky":false,"template":"","format":"standard","meta":{"footnotes":""},"categories":[143],"tags":[169,114,115,170,32,33],"class_list":{"0":"post-124762","1":"post","2":"type-post","3":"status-publish","4":"format-standard","5":"has-post-thumbnail","7":"category-livros","8":"tag-books","9":"tag-entertainment","10":"tag-entretenimento","11":"tag-livros","12":"tag-portugal","13":"tag-pt"},"share_on_mastodon":{"url":"https:\/\/pubeurope.com\/@pt\/115429984549913144","error":""},"_links":{"self":[{"href":"https:\/\/www.europesays.com\/pt\/wp-json\/wp\/v2\/posts\/124762","targetHints":{"allow":["GET"]}}],"collection":[{"href":"https:\/\/www.europesays.com\/pt\/wp-json\/wp\/v2\/posts"}],"about":[{"href":"https:\/\/www.europesays.com\/pt\/wp-json\/wp\/v2\/types\/post"}],"author":[{"embeddable":true,"href":"https:\/\/www.europesays.com\/pt\/wp-json\/wp\/v2\/users\/2"}],"replies":[{"embeddable":true,"href":"https:\/\/www.europesays.com\/pt\/wp-json\/wp\/v2\/comments?post=124762"}],"version-history":[{"count":0,"href":"https:\/\/www.europesays.com\/pt\/wp-json\/wp\/v2\/posts\/124762\/revisions"}],"wp:featuredmedia":[{"embeddable":true,"href":"https:\/\/www.europesays.com\/pt\/wp-json\/wp\/v2\/media\/124763"}],"wp:attachment":[{"href":"https:\/\/www.europesays.com\/pt\/wp-json\/wp\/v2\/media?parent=124762"}],"wp:term":[{"taxonomy":"category","embeddable":true,"href":"https:\/\/www.europesays.com\/pt\/wp-json\/wp\/v2\/categories?post=124762"},{"taxonomy":"post_tag","embeddable":true,"href":"https:\/\/www.europesays.com\/pt\/wp-json\/wp\/v2\/tags?post=124762"}],"curies":[{"name":"wp","href":"https:\/\/api.w.org\/{rel}","templated":true}]}}