{"id":124783,"date":"2025-10-24T16:17:10","date_gmt":"2025-10-24T16:17:10","guid":{"rendered":"https:\/\/www.europesays.com\/pt\/124783\/"},"modified":"2025-10-24T16:17:10","modified_gmt":"2025-10-24T16:17:10","slug":"eta-mundo-melhor-resumo-do-capitulo-de-sabado-25-de-outubro","status":"publish","type":"post","link":"https:\/\/www.europesays.com\/pt\/124783\/","title":{"rendered":"\u00cata Mundo Melhor!: resumo do cap\u00edtulo de s\u00e1bado (25 de outubro)"},"content":{"rendered":"<p>                        <img width=\"944\" height=\"531\" src=\"https:\/\/www.europesays.com\/pt\/wp-content\/uploads\/2025\/10\/resumo-do-capitulo-de-sabado-25-de-outubro-de-2025-de-eta-mundo-melhor-944x531.jpg\" class=\"attachment-custom-large size-custom-large article-featured-image\" alt=\"resumo do capitulo de sabado 25 de outubro de 2025 de eta mundo melhor\" fetchpriority=\"high\" decoding=\"async\"  \/><\/p>\n<p>Estela vai parar no hospital em \u00cata Mundo Melhor! (Foto: Reprodu\u00e7\u00e3o, TV Globo)<\/p>\n<p>A volta de Estela para casa n\u00e3o vai ser tranquila em \u00cata Mundo Melhor!, no cap\u00edtulo deste s\u00e1bado (25 de outubro). A enfermeira ter\u00e1 uma crise e Celso (Rainer Cadete) precisar\u00e1 lev\u00e1-la \u00e0s pressas para o hospital.<\/p>\n<p>Continua depois da publicidade<\/p>\n<p>Ela ainda n\u00e3o sabe como retomar a vida que tinha antes de ter sido sequestrada por Ernesto (Eriberto Le\u00e3o). Ela tamb\u00e9m vai deixar Anabela preocupada, ao encontrar a menina e ter uma rea\u00e7\u00e3o totalmente inesperada.<\/p>\n<p>Estela e T\u00falio se beijam e Celso v\u00ea tudo <a href=\"https:\/\/www.youtube.com\/@tvglobo\" rel=\"nofollow noopener\" target=\"_blank\">Resumo do cap\u00edtulo de s\u00e1bado (25 de outubro de 2025) de \u00cata Mundo Melhor!<\/p>\n<p>Estela tem uma crise, e Celso a leva para o hospital. Dita faz uma surpresa para Candinho. Margarida\/Adamo se apresenta a L\u00facio na r\u00e1dio. Paix\u00e3o fica satisfeito com o suposto bom comportamento de Ernesto com as crian\u00e7as.<\/p>\n<p>Lauro diz a Celso que Estela precisa de um tempo para retomar sua vida. Tamires confessa a Olga que gosta de Celso. Dita prop\u00f5e ir com Anabela ao hospital visitar Estela. Paula se preocupa com o estado de T\u00falio.<\/p>\n<p>Continua depois da publicidade<\/p>\n<p>Cunegundes se nega a repartir as esmeraldas com Medeia, que decide rasgar o mapa. Zenaide pede que Sabi\u00e1 escolha entre ela e sua m\u00e3e. Candinho n\u00e3o aceita deixar a delegacia sem Policarpo. Anabela e Lauro se surpreendem com a rea\u00e7\u00e3o de Estela ao ver a menina.\u00a0<\/p>\n<p> Veja o elenco completo de \u00cata Mundo Melhor!<\/p>\n<p>Os resumos podem sofrer altera\u00e7\u00f5es conforme a edi\u00e7\u00e3o das\u00a0<a href=\"https:\/\/gshow.globo.com\/novelas\/eta-mundo-melhor\/\" rel=\"nofollow noopener\" target=\"_blank\"><strong>novelas<\/strong><\/a>. Veja tamb\u00e9m o que aconteceu no <strong><a href=\"https:\/\/www.nsctotal.com.br\/noticias\/resumo-eta-mundo-melhor-capitulo-sexta-feira-24-de-outubro\" target=\"_blank\" rel=\"noreferrer noopener nofollow\">cap\u00edtulo anterior<\/a><\/strong> de \u00cata Mundo Melhor!.<\/p>\n","protected":false},"excerpt":{"rendered":"Estela vai parar no hospital em \u00cata Mundo Melhor! (Foto: Reprodu\u00e7\u00e3o, TV Globo) A volta de Estela para&hellip;\n","protected":false},"author":2,"featured_media":124784,"comment_status":"","ping_status":"","sticky":false,"template":"","format":"standard","meta":{"footnotes":""},"categories":[142],"tags":[114,115,32,33,151,543],"class_list":{"0":"post-124783","1":"post","2":"type-post","3":"status-publish","4":"format-standard","5":"has-post-thumbnail","7":"category-tv","8":"tag-entertainment","9":"tag-entretenimento","10":"tag-portugal","11":"tag-pt","12":"tag-tv","13":"tag-ver-ouvir-ler"},"share_on_mastodon":{"url":"https:\/\/pubeurope.com\/@pt\/115430047485155886","error":""},"_links":{"self":[{"href":"https:\/\/www.europesays.com\/pt\/wp-json\/wp\/v2\/posts\/124783","targetHints":{"allow":["GET"]}}],"collection":[{"href":"https:\/\/www.europesays.com\/pt\/wp-json\/wp\/v2\/posts"}],"about":[{"href":"https:\/\/www.europesays.com\/pt\/wp-json\/wp\/v2\/types\/post"}],"author":[{"embeddable":true,"href":"https:\/\/www.europesays.com\/pt\/wp-json\/wp\/v2\/users\/2"}],"replies":[{"embeddable":true,"href":"https:\/\/www.europesays.com\/pt\/wp-json\/wp\/v2\/comments?post=124783"}],"version-history":[{"count":0,"href":"https:\/\/www.europesays.com\/pt\/wp-json\/wp\/v2\/posts\/124783\/revisions"}],"wp:featuredmedia":[{"embeddable":true,"href":"https:\/\/www.europesays.com\/pt\/wp-json\/wp\/v2\/media\/124784"}],"wp:attachment":[{"href":"https:\/\/www.europesays.com\/pt\/wp-json\/wp\/v2\/media?parent=124783"}],"wp:term":[{"taxonomy":"category","embeddable":true,"href":"https:\/\/www.europesays.com\/pt\/wp-json\/wp\/v2\/categories?post=124783"},{"taxonomy":"post_tag","embeddable":true,"href":"https:\/\/www.europesays.com\/pt\/wp-json\/wp\/v2\/tags?post=124783"}],"curies":[{"name":"wp","href":"https:\/\/api.w.org\/{rel}","templated":true}]}}