{"id":124785,"date":"2025-10-24T16:20:10","date_gmt":"2025-10-24T16:20:10","guid":{"rendered":"https:\/\/www.europesays.com\/pt\/124785\/"},"modified":"2025-10-24T16:20:10","modified_gmt":"2025-10-24T16:20:10","slug":"nike-apresenta-sapatilhas-com-motor-para-correr-com-menos-esforco-calcado","status":"publish","type":"post","link":"https:\/\/www.europesays.com\/pt\/124785\/","title":{"rendered":"Nike apresenta sapatilhas com motor, para correr com menos esfor\u00e7o | Cal\u00e7ado"},"content":{"rendered":"<p>A ideia \u00e9 semelhante \u00e0 das <a href=\"https:\/\/www.publico.pt\/2025\/10\/07\/enter\/critica\/engine-pro-30-boost-teste-bicicleta-electrica-preparada-2149831\" rel=\"nofollow noopener\" target=\"_blank\">bicicletas el\u00e9ctricas<\/a>, que permitem \u201camplificar\u201d a capacidade muscular dos ciclistas atrav\u00e9s do apoio de um motor el\u00e9ctrico. Conforme detalhado num comunicado de imprensa, a Nike quer aplicar o mesmo princ\u00edpio \u00e0 corrida e \u00e0 caminhada. O Project Amplify n\u00e3o \u00e9 apresentado para atletas de elite que querem bater recordes, mas sim para o &#8220;atleta do dia-a-dia&#8221;. Os clientes alvo s\u00e3o, segundo a marca, as pessoas que correm a um ritmo mais lento, algures entre os seis e os sete minutos e meio por quil\u00f3metro.<\/p>\n<p><strong>Ajuda extra para as pernas<\/strong><\/p>\n<p>O sistema, que est\u00e1 a ser desenvolvido em parceria com a empresa de rob\u00f3tica Dephy, \u00e9 composto por um pequeno motor, uma correia de transmiss\u00e3o e uma bateria recarreg\u00e1vel. Estes componentes integram-se numa sapatilha que j\u00e1 utiliza uma placa de fibra de carbono. A Nike explica que tudo \u00e9 gerido por algoritmos de movimento desenvolvidos pelo Nike Sport Research Lab, o laborat\u00f3rio de investiga\u00e7\u00e3o da marca. Michael Donaghu, vice-presidente de inova\u00e7\u00e3o, descreveu a sensa\u00e7\u00e3o no comunicado como ter &#8220;um segundo par de g\u00e9meos&#8221;, referindo-se aos m\u00fasculos das pernas. A promessa \u00e9 que o sistema torna o acto de correr ou andar \u201cmais f\u00e1cil e divertido\u201d, dando um pequeno impulso a cada passada.<\/p>\n<p>N\u00e3o \u00e9 para j\u00e1<\/p>\n<p>A Nike faz quest\u00e3o de sublinhar que o Project Amplify ainda est\u00e1 em fase de testes. A empresa refere que o sistema j\u00e1 passou por nove vers\u00f5es de hardware e foi testado por mais de 400 atletas, que cobriram o equivalente a cerca de 12.000 voltas a uma pista de 200 metros. Segundo os relatos dos testes, usar o sistema faz com que subir uma encosta pare\u00e7a que se est\u00e1 a correr em terreno plano. Nalguns casos, ajudou atletas a melhorar o tempo de de uma milha, cerca de 1,6 quil\u00f3metros, de 12 para 10 minutos. No entanto, ainda n\u00e3o h\u00e1 data marcada para a chegada mercado, com a <a href=\"https:\/\/www.publico.pt\/nike\" rel=\"nofollow noopener\" target=\"_blank\">Nike<\/a> a apontar para um lan\u00e7amento ao consumidor &#8220;nos pr\u00f3ximos anos&#8221;.<\/p>\n","protected":false},"excerpt":{"rendered":"A ideia \u00e9 semelhante \u00e0 das bicicletas el\u00e9ctricas, que permitem \u201camplificar\u201d a capacidade muscular dos ciclistas atrav\u00e9s do&hellip;\n","protected":false},"author":2,"featured_media":124786,"comment_status":"","ping_status":"","sticky":false,"template":"","format":"standard","meta":{"footnotes":""},"categories":[87],"tags":[2992,8246,204,135,246,12558,32,33,134,110],"class_list":{"0":"post-124785","1":"post","2":"type-post","3":"status-publish","4":"format-standard","5":"has-post-thumbnail","7":"category-desporto","8":"tag-actualidade","9":"tag-calcado","10":"tag-design","11":"tag-desporto","12":"tag-enter","13":"tag-nike","14":"tag-portugal","15":"tag-pt","16":"tag-sports","17":"tag-tecnologia"},"share_on_mastodon":{"url":"https:\/\/pubeurope.com\/@pt\/115430059217128719","error":""},"_links":{"self":[{"href":"https:\/\/www.europesays.com\/pt\/wp-json\/wp\/v2\/posts\/124785","targetHints":{"allow":["GET"]}}],"collection":[{"href":"https:\/\/www.europesays.com\/pt\/wp-json\/wp\/v2\/posts"}],"about":[{"href":"https:\/\/www.europesays.com\/pt\/wp-json\/wp\/v2\/types\/post"}],"author":[{"embeddable":true,"href":"https:\/\/www.europesays.com\/pt\/wp-json\/wp\/v2\/users\/2"}],"replies":[{"embeddable":true,"href":"https:\/\/www.europesays.com\/pt\/wp-json\/wp\/v2\/comments?post=124785"}],"version-history":[{"count":0,"href":"https:\/\/www.europesays.com\/pt\/wp-json\/wp\/v2\/posts\/124785\/revisions"}],"wp:featuredmedia":[{"embeddable":true,"href":"https:\/\/www.europesays.com\/pt\/wp-json\/wp\/v2\/media\/124786"}],"wp:attachment":[{"href":"https:\/\/www.europesays.com\/pt\/wp-json\/wp\/v2\/media?parent=124785"}],"wp:term":[{"taxonomy":"category","embeddable":true,"href":"https:\/\/www.europesays.com\/pt\/wp-json\/wp\/v2\/categories?post=124785"},{"taxonomy":"post_tag","embeddable":true,"href":"https:\/\/www.europesays.com\/pt\/wp-json\/wp\/v2\/tags?post=124785"}],"curies":[{"name":"wp","href":"https:\/\/api.w.org\/{rel}","templated":true}]}}