{"id":124799,"date":"2025-10-24T16:33:16","date_gmt":"2025-10-24T16:33:16","guid":{"rendered":"https:\/\/www.europesays.com\/pt\/124799\/"},"modified":"2025-10-24T16:33:16","modified_gmt":"2025-10-24T16:33:16","slug":"pre-estreia-de-o-agente-secreto-esgota-veja-datas-disponiveis","status":"publish","type":"post","link":"https:\/\/www.europesays.com\/pt\/124799\/","title":{"rendered":"Pr\u00e9-estreia de &#8216;O Agente Secreto&#8217; esgota; veja datas dispon\u00edveis"},"content":{"rendered":"<p dir=\"ltr\">Escolhido para <a href=\"https:\/\/www.correiobraziliense.com.br\/diversao-e-arte\/2025\/09\/7248650-oscar-2026-o-agente-secreto-teve-cena-filmada-em-brasilia.html\" target=\"_blank\" rel=\"nofollow noopener\">representar o Brasil na disputa pelo Oscar<\/a>, <a href=\"https:\/\/www.correiobraziliense.com.br\/tags\/o-agente-secreto\/\" target=\"_blank\" rel=\"nofollow noopener\">O Agente Secreto<\/a> estreia nos cinemas nacionais no dia 6 de novembro. O filme de <a href=\"https:\/\/www.correiobraziliense.com.br\/webstories\/2025\/05\/7155675-a-trajetoria-de-kleber-mendonca-filho-ate-o-premio-em-cannes.html\" target=\"_blank\" rel=\"nofollow noopener\">Kleber Mendon\u00e7a Filho<\/a> j\u00e1 est\u00e1 em pr\u00e9-venda no <a href=\"https:\/\/www.correiobraziliense.com.br\/tags\/cine-brasilia\/\" target=\"_blank\" rel=\"nofollow noopener\">Cine Bras\u00edlia<\/a>, e consta com sess\u00f5es at\u00e9 o dia 26\/11. Os cin\u00e9filos brasilienses se apressaram, e os ingressos at\u00e9 o dia 7\/11 (sexta) est\u00e3o esgotados.\u00a0<\/p>\n<p dir=\"ltr\">As entradas para a exibi\u00e7\u00e3o de 8\/11 (s\u00e1bado) est\u00e3o quase acabando, mas os \u00faltimos bilhetes ainda podem ser adquiridos na pr\u00e9-venda. Para conferir a obra protagonizada por <a href=\"https:\/\/www.correiobraziliense.com.br\/tags\/wagner-moura\/\" target=\"_blank\" rel=\"nofollow noopener\">Wagner Moura<\/a> no Cine Bras\u00edlia, mesmo que n\u00e3o nas primeiras sess\u00f5es, outras 15 datas est\u00e3o dispon\u00edveis.\u00a0<\/p>\n<p>Confira a programa\u00e7\u00e3o completa:<\/p>\n<ul>&#13;<\/p>\n<li dir=\"ltr\">06.11 (quinta-feira) &#8211; 19h30 &#8211; Ingressos esgotados<\/li>\n<p>&#13;<\/p>\n<li dir=\"ltr\">07.11 (sexta-feira) &#8211; 19h30 &#8211; Ingressos esgotados<\/li>\n<p>&#13;<\/p>\n<li dir=\"ltr\">08.11 (s\u00e1bado) &#8211; 20h15 &#8211; <strong>\u00daltimos ingressos<\/strong><\/li>\n<p>&#13;<\/p>\n<li dir=\"ltr\">09.11 (domingo) &#8211; 20h15<\/li>\n<p>&#13;<\/p>\n<li dir=\"ltr\">10.11 (segunda-feira) &#8211; 22h00<\/li>\n<p>&#13;<\/p>\n<li dir=\"ltr\">11.11 (ter\u00e7a-feira) &#8211; 20h30<\/li>\n<p>&#13;<\/p>\n<li dir=\"ltr\">12.11 (quarta-feira) &#8211; 19h30<\/li>\n<p>&#13;<\/p>\n<li dir=\"ltr\">13.11 (quinta-feira) &#8211; 20h00<\/li>\n<p>&#13;<\/p>\n<li dir=\"ltr\">14.11 (sexta-feira) &#8211; 16h00<\/li>\n<p>&#13;<\/p>\n<li dir=\"ltr\">15.11 (s\u00e1bado) &#8211; 20h00<\/li>\n<p>&#13;<\/p>\n<li dir=\"ltr\">16.11 (domingo) &#8211; 19h00<\/li>\n<p>&#13;<\/p>\n<li dir=\"ltr\">19.11 (quarta-feira) &#8211; 18h30<\/li>\n<p>&#13;<\/p>\n<li dir=\"ltr\">20.11 (quinta-feira) &#8211; 19h30<\/li>\n<p>&#13;<\/p>\n<li dir=\"ltr\">22.11 (s\u00e1bado) &#8211; 20h00<\/li>\n<p>&#13;<\/p>\n<li dir=\"ltr\">23.11 (domingo) &#8211; 18h30<\/li>\n<p>&#13;<\/p>\n<li dir=\"ltr\">24.11 (segunda-feira) &#8211; 22h30<\/li>\n<p>&#13;<\/p>\n<li dir=\"ltr\">25.11 (ter\u00e7a-feira) &#8211; 14h00<\/li>\n<p>&#13;<\/p>\n<li dir=\"ltr\">26.11 (quarta-feira) &#8211; 16h00<\/li>\n<p>&#13;\n<\/ul>\n<p dir=\"ltr\">O Agente Secreto se passa em 1977, na <a href=\"https:\/\/www.correiobraziliense.com.br\/tags\/ditadura-militar\/\" target=\"_blank\" rel=\"nofollow noopener\">ditadura militar brasileira<\/a>, e acompanha Marcelo (Wagner Moura), professor especializado em tecnologia, que tenta deixar S\u00e3o Paulo para recome\u00e7ar a vida em Recife. L\u00e1, ele acredita encontrar um ref\u00fagio \u2014 mas seu passado e for\u00e7as pol\u00edticas da \u00e9poca o alcan\u00e7am, transformando a busca por tranquilidade em uma trama de espionagem, vigil\u00e2ncia e tens\u00e3o.<\/p>\n<p dir=\"ltr\">Al\u00e9m de Moura, completam o elenco nomes como Gabriel Leone, Maria Fernanda C\u00e2ndido e Alice Carvalho. A dire\u00e7\u00e3o \u00e9 de Kleber Mendon\u00e7a Filho, j\u00e1 reconhecido internacionalmente por trabalhos como <a href=\"https:\/\/www.correiobraziliense.com.br\/tags\/bacurau\/\" target=\"_blank\" rel=\"nofollow noopener\">Bacurau<\/a> e Aquarius.<\/p>\n<p dir=\"ltr\">O longa estreou no <a href=\"https:\/\/www.correiobraziliense.com.br\/diversao-e-arte\/2025\/05\/7140195-confira-todas-as-participacoes-do-brasil-no-festival-de-cannes.html\" target=\"_blank\" rel=\"nofollow noopener\">Festival de Cannes<\/a> 2025, onde teve boa recep\u00e7\u00e3o: Moura levou o pr\u00eamio de Melhor Ator, enquanto Mendon\u00e7a Filho foi laureado como Melhor Diretor. Tamb\u00e9m conquistou pr\u00eamios da cr\u00edtica e do j\u00fari em Lima.<\/p>\n<p class=\"texto\">\u00a0<\/p>\n<ul>\n<li><a href=\"https:\/\/wa.me\/?text=Pr%C3%A9-estreia+de+%22O+Agente+Secreto%22+esgota+no+Cine+Bras%C3%ADlia%3B+veja+datas+dispon%C3%ADveis%20https:\/\/www.correiobraziliense.com.br\/diversao-e-arte\/2025\/10\/7277985-pre-estreia-de-o-agente-secreto-esgota-veja-datas-disponiveis.html\" target=\"_blank\" title=\"Whatsapp\" aria-label=\"WhatsApp\" rel=\"nofollow noopener\"><\/a><\/li>\n<li><a href=\"https:\/\/www.facebook.com\/sharer.php?u=https:\/\/www.correiobraziliense.com.br%2Fdiversao-e-arte%2F2025%2F10%2F7277985-pre-estreia-de-o-agente-secreto-esgota-veja-datas-disponiveis.html&amp;text=Pr%C3%A9-estreia+de+%22O+Agente+Secreto%22+esgota+no+Cine+Bras%C3%ADlia%3B+veja+datas+dispon%C3%ADveis\" target=\"_blank\" title=\"Facebook\" aria-label=\"Facebook\" rel=\"nofollow noopener\"><\/a><\/li>\n<li><a href=\"https:\/\/twitter.com\/intent\/tweet?url=https:\/\/www.correiobraziliense.com.br%2Fdiversao-e-arte%2F2025%2F10%2F7277985-pre-estreia-de-o-agente-secreto-esgota-veja-datas-disponiveis.html&amp;text=Pr%C3%A9-estreia+de+%22O+Agente+Secreto%22+esgota+no+Cine+Bras%C3%ADlia%3B+veja+datas+dispon%C3%ADveis\" target=\"_blank\" title=\"Twitter\" aria-label=\"Twitter\" rel=\"nofollow noopener\"><\/a><\/li>\n<li><a href=\"https:\/\/profile.google.com\/cp\/CgovbS8wNzZ0dms1\" title=\"Google Discover\" target=\"_blank\" aria-label=\"Google Discover\" rel=\"nofollow noopener\"><img decoding=\"async\" src=\"https:\/\/www.europesays.com\/pt\/wp-content\/uploads\/2025\/10\/1761263228_86_google-discover-icon.png\" style=\"height: 25px; margin: 0 !important; margin-left: 3px;\" alt=\"Google Discover Icon\"\/><\/a><\/li>\n<\/ul>\n<p>              <a href=\"https:\/\/www.correiobraziliense.com.br\/autor\/bianca-lucca\/page\/1\/\" style=\"height: 100%;\" rel=\"nofollow noopener\" target=\"_blank\"><img decoding=\"async\" class=\"hidden-print author-circle d-block h6 mt-0 mb-0 mr-6 text-center\" src=\"https:\/\/www.europesays.com\/pt\/wp-content\/uploads\/2025\/07\/whatsapp_image_2025_01_07_at_20_59_47-44349236.jpeg\" alt=\"\" width=\"40\" height=\"40\" loading=\"lazy\" style=\"object-fit:cover; width: 40px; height: 40px; margin-right:10px;\"\/><\/a><a href=\"https:\/\/www.correiobraziliense.com.br\/autor\/bianca-lucca\/page\/1\/\" rel=\"nofollow noopener\" target=\"_blank\"><img decoding=\"async\" class=\"hidden-print author-circle d-block h6 mt-0 mb-0 mr-6 text-center\" src=\"https:\/\/www.europesays.com\/pt\/wp-content\/uploads\/2025\/07\/whatsapp_image_2025_01_07_at_20_59_47-44349236.jpeg\" alt=\"\" width=\"40\" height=\"40\" loading=\"lazy\" style=\"object-fit:cover; width: 40px; height: 40px; margin-right:10px;\"\/><\/a>Bianca Lucca  <strong class=\"entryStrongAuthor\">Rep\u00f3rter<\/strong><\/p>\n<p class=\"entryDescricaoAuthor\">Jornalista pelo Centro Universit\u00e1rio de Bras\u00edlia, apaixonada por literatura e quest\u00f5es sociais. Passou pela editoria de Cultura e agora escreve para o CB On-line, onde assina o Blog Daquilo.<\/p>\n<p>                          <script async src=\"https:\/\/platform.twitter.com\/widgets.js\" charset=\"utf-8\"><\/script><\/p>\n","protected":false},"excerpt":{"rendered":"Escolhido para representar o Brasil na disputa pelo Oscar, O Agente Secreto estreia nos cinemas nacionais no dia&hellip;\n","protected":false},"author":2,"featured_media":124800,"comment_status":"","ping_status":"","sticky":false,"template":"","format":"standard","meta":{"footnotes":""},"categories":[140],"tags":[28737,6724,8518,114,115,4734,17349,147,18300,148,2153,146,2158,1409,28738,32,28739,33,12348],"class_list":{"0":"post-124799","1":"post","2":"type-post","3":"status-publish","4":"format-standard","5":"has-post-thumbnail","7":"category-filmes","8":"tag-cine-brasilia","9":"tag-cinema-brasileiro","10":"tag-data","11":"tag-entertainment","12":"tag-entretenimento","13":"tag-estreia","14":"tag-festival-de-cannes","15":"tag-film","16":"tag-filme-nacional","17":"tag-filmes","18":"tag-kleber-mendonca-filho","19":"tag-movies","20":"tag-o-agente-secreto","21":"tag-oscar","22":"tag-oscar-2025","23":"tag-portugal","24":"tag-pre-venda","25":"tag-pt","26":"tag-wagner-moura"},"share_on_mastodon":{"url":"https:\/\/pubeurope.com\/@pt\/115430110547304071","error":""},"_links":{"self":[{"href":"https:\/\/www.europesays.com\/pt\/wp-json\/wp\/v2\/posts\/124799","targetHints":{"allow":["GET"]}}],"collection":[{"href":"https:\/\/www.europesays.com\/pt\/wp-json\/wp\/v2\/posts"}],"about":[{"href":"https:\/\/www.europesays.com\/pt\/wp-json\/wp\/v2\/types\/post"}],"author":[{"embeddable":true,"href":"https:\/\/www.europesays.com\/pt\/wp-json\/wp\/v2\/users\/2"}],"replies":[{"embeddable":true,"href":"https:\/\/www.europesays.com\/pt\/wp-json\/wp\/v2\/comments?post=124799"}],"version-history":[{"count":0,"href":"https:\/\/www.europesays.com\/pt\/wp-json\/wp\/v2\/posts\/124799\/revisions"}],"wp:featuredmedia":[{"embeddable":true,"href":"https:\/\/www.europesays.com\/pt\/wp-json\/wp\/v2\/media\/124800"}],"wp:attachment":[{"href":"https:\/\/www.europesays.com\/pt\/wp-json\/wp\/v2\/media?parent=124799"}],"wp:term":[{"taxonomy":"category","embeddable":true,"href":"https:\/\/www.europesays.com\/pt\/wp-json\/wp\/v2\/categories?post=124799"},{"taxonomy":"post_tag","embeddable":true,"href":"https:\/\/www.europesays.com\/pt\/wp-json\/wp\/v2\/tags?post=124799"}],"curies":[{"name":"wp","href":"https:\/\/api.w.org\/{rel}","templated":true}]}}