{"id":124801,"date":"2025-10-24T16:34:10","date_gmt":"2025-10-24T16:34:10","guid":{"rendered":"https:\/\/www.europesays.com\/pt\/124801\/"},"modified":"2025-10-24T16:34:10","modified_gmt":"2025-10-24T16:34:10","slug":"as-pessoas-riram-se-dele-mas-ele-manteve-se-ao-mais-alto-nivel","status":"publish","type":"post","link":"https:\/\/www.europesays.com\/pt\/124801\/","title":{"rendered":"\u00abAs pessoas riram-se dele mas ele manteve-se ao mais alto n\u00edvel\u00bb"},"content":{"rendered":"<p>&#8211; Advertisement &#8211;<\/p>\n<p>O \u00edcone do <a href=\"https:\/\/bolanarede.pt\/etiqueta\/manchester-united\/\" rel=\"nofollow noopener\" target=\"_blank\">Manchester United<\/a>, Wayne Rooney, destacou Harry Maguire pela forma como lidou com as cr\u00edticas pesadas que recebeu nos primeiros tempos no clube. O atual treinador mostrou empatia, mencionando a sua dificuldade em imaginar \u00abcomo ter\u00e1 sido para ele lidar com tudo aquilo que teve de lidar\u00bb.<\/p>\n<p>Inicialmente, refletiu sobre a press\u00e3o imposta a <a href=\"https:\/\/bolanarede.pt\/etiqueta\/harry-maguire\/\" target=\"_blank\" rel=\"noreferrer noopener nofollow\">Harry Maguire<\/a> no per\u00edodo inicial no clube:<\/p>\n<p>\u00abEle foi alvo de bullying. Nem imagino como ter\u00e1 sido para ele lidar com tudo aquilo que teve de lidar. Foi um \u2018meme\u2019 durante anos, foi mencionado em parlamentos do outro lado do mundo e nunca desistiu\u00bb.<\/p>\n<p>De seguida, <a href=\"https:\/\/bolanarede.pt\/etiqueta\/wayne-rooney\/\" target=\"_blank\" rel=\"noreferrer noopener nofollow\">Wayne Rooney<\/a> falou sobre a forma como o ingl\u00eas contornou essa fase menos positiva:<\/p>\n<p>\u00abTiraram-lhe a bra\u00e7adeira de campe\u00e3o, as pessoas riram-se dele, mas ele manteve-se ao mais alto n\u00edvel por Inglaterra e pelo Manchester United. Isso mostrar muita for\u00e7a mental, car\u00e1ter e isso deixa-me muito feliz\u00bb.<\/p>\n<p>Estes coment\u00e1rios surgem ap\u00f3s a <a href=\"https:\/\/bolanarede.pt\/especial-bola-na-rede\/atualidade\/harry-maguire-da-a-vitoria-ao-manchester-united-frente-ao-liverpool\/\" target=\"_blank\" rel=\"noreferrer noopener nofollow\">vit\u00f3ria dos red devils frente ao Liverpool<\/a>, no qual o ingl\u00eas marcou o golo da vit\u00f3ria. <\/p>\n","protected":false},"excerpt":{"rendered":"&#8211; Advertisement &#8211; O \u00edcone do Manchester United, Wayne Rooney, destacou Harry Maguire pela forma como lidou com&hellip;\n","protected":false},"author":2,"featured_media":124802,"comment_status":"","ping_status":"","sticky":false,"template":"","format":"standard","meta":{"footnotes":""},"categories":[87],"tags":[260,135,19321,663,32,666,33,134,19322],"class_list":{"0":"post-124801","1":"post","2":"type-post","3":"status-publish","4":"format-standard","5":"has-post-thumbnail","7":"category-desporto","8":"tag-atualidade","9":"tag-desporto","10":"tag-harry-maguire","11":"tag-manchester-united","12":"tag-portugal","13":"tag-premier-league","14":"tag-pt","15":"tag-sports","16":"tag-wayne-rooney"},"share_on_mastodon":{"url":"https:\/\/pubeurope.com\/@pt\/115430114286331916","error":""},"_links":{"self":[{"href":"https:\/\/www.europesays.com\/pt\/wp-json\/wp\/v2\/posts\/124801","targetHints":{"allow":["GET"]}}],"collection":[{"href":"https:\/\/www.europesays.com\/pt\/wp-json\/wp\/v2\/posts"}],"about":[{"href":"https:\/\/www.europesays.com\/pt\/wp-json\/wp\/v2\/types\/post"}],"author":[{"embeddable":true,"href":"https:\/\/www.europesays.com\/pt\/wp-json\/wp\/v2\/users\/2"}],"replies":[{"embeddable":true,"href":"https:\/\/www.europesays.com\/pt\/wp-json\/wp\/v2\/comments?post=124801"}],"version-history":[{"count":0,"href":"https:\/\/www.europesays.com\/pt\/wp-json\/wp\/v2\/posts\/124801\/revisions"}],"wp:featuredmedia":[{"embeddable":true,"href":"https:\/\/www.europesays.com\/pt\/wp-json\/wp\/v2\/media\/124802"}],"wp:attachment":[{"href":"https:\/\/www.europesays.com\/pt\/wp-json\/wp\/v2\/media?parent=124801"}],"wp:term":[{"taxonomy":"category","embeddable":true,"href":"https:\/\/www.europesays.com\/pt\/wp-json\/wp\/v2\/categories?post=124801"},{"taxonomy":"post_tag","embeddable":true,"href":"https:\/\/www.europesays.com\/pt\/wp-json\/wp\/v2\/tags?post=124801"}],"curies":[{"name":"wp","href":"https:\/\/api.w.org\/{rel}","templated":true}]}}