{"id":124811,"date":"2025-10-24T16:44:13","date_gmt":"2025-10-24T16:44:13","guid":{"rendered":"https:\/\/www.europesays.com\/pt\/124811\/"},"modified":"2025-10-24T16:44:13","modified_gmt":"2025-10-24T16:44:13","slug":"tres-lancamentos-em-destaque-no-autores-e-livros-radio-senado","status":"publish","type":"post","link":"https:\/\/www.europesays.com\/pt\/124811\/","title":{"rendered":"tr\u00eas lan\u00e7amentos em destaque no Autores e Livros \u2014 R\u00e1dio Senado"},"content":{"rendered":"<p style=\"text-align: justify; white-space: pre-wrap;\">O programa Autores e Livros desta semana traz uma conversa imperd\u00edvel com o jornalista Eduardo Scolese, editor de Pol\u00edtica da Folha de S\u00e3o Paulo e autor de \u201c1461 dias na trincheira\u201d (Aut\u00eantica Editora). Durante quatro anos, Scolese acompanhou de perto o poder e seus bastidores, vivendo um dos per\u00edodos mais tensos e polarizados da pol\u00edtica brasileira. O livro re\u00fane registros de trabalho, mensagens e documentos internos que revelam o impacto emocional e pol\u00edtico de cobrir o governo Jair Bolsonaro.<\/p>\n<p>Na entrevista, o autor traz detalhes da cobertura jornal\u00edstica da Presid\u00eancia da Rep\u00fablica, comenta como a pandemia de Covid-19 impactou os trabalhos na Folha de S\u00e3o Paulo e fala tamb\u00e9m de quest\u00f5es o papel da imprensa em tempos de Fake News. <\/p>\n<p>O Autores e Livros ainda apresenta outras boas leituras: a graphic novel \u201cDoce Amargo\u201d, de Jo\u00e3o Marcos Mendon\u00e7a, que retrata o impacto humano e ambiental da trag\u00e9dia de Mariana; e \u201cDo vinil ao streaming \u2013 vol. 2\u201d, de Daniel Setti, um mergulho na hist\u00f3ria da m\u00fasica pop internacional contada por meio de 60 discos essenciais.<\/p>\n<p>Encerrando a edi\u00e7\u00e3o, o quadro Encantos de Versos presta homenagem ao poeta e compositor Ant\u00f4nio C\u00edcero, um dos nomes mais importantes da literatura brasileira contempor\u00e2nea, que nos deixou em 2024.<\/p>\n<p><strong>Autores no programa:<\/strong> Eduardo Scolese, Jo\u00e3o Marcos Mendon\u00e7a, Daniel Setti e Ant\u00f4nio C\u00edcero.<\/p>\n","protected":false},"excerpt":{"rendered":"O programa Autores e Livros desta semana traz uma conversa imperd\u00edvel com o jornalista Eduardo Scolese, editor de&hellip;\n","protected":false},"author":2,"featured_media":124812,"comment_status":"","ping_status":"","sticky":false,"template":"","format":"standard","meta":{"footnotes":""},"categories":[143],"tags":[169,114,115,170,32,33],"class_list":{"0":"post-124811","1":"post","2":"type-post","3":"status-publish","4":"format-standard","5":"has-post-thumbnail","7":"category-livros","8":"tag-books","9":"tag-entertainment","10":"tag-entretenimento","11":"tag-livros","12":"tag-portugal","13":"tag-pt"},"share_on_mastodon":{"url":"https:\/\/pubeurope.com\/@pt\/115430153517078173","error":""},"_links":{"self":[{"href":"https:\/\/www.europesays.com\/pt\/wp-json\/wp\/v2\/posts\/124811","targetHints":{"allow":["GET"]}}],"collection":[{"href":"https:\/\/www.europesays.com\/pt\/wp-json\/wp\/v2\/posts"}],"about":[{"href":"https:\/\/www.europesays.com\/pt\/wp-json\/wp\/v2\/types\/post"}],"author":[{"embeddable":true,"href":"https:\/\/www.europesays.com\/pt\/wp-json\/wp\/v2\/users\/2"}],"replies":[{"embeddable":true,"href":"https:\/\/www.europesays.com\/pt\/wp-json\/wp\/v2\/comments?post=124811"}],"version-history":[{"count":0,"href":"https:\/\/www.europesays.com\/pt\/wp-json\/wp\/v2\/posts\/124811\/revisions"}],"wp:featuredmedia":[{"embeddable":true,"href":"https:\/\/www.europesays.com\/pt\/wp-json\/wp\/v2\/media\/124812"}],"wp:attachment":[{"href":"https:\/\/www.europesays.com\/pt\/wp-json\/wp\/v2\/media?parent=124811"}],"wp:term":[{"taxonomy":"category","embeddable":true,"href":"https:\/\/www.europesays.com\/pt\/wp-json\/wp\/v2\/categories?post=124811"},{"taxonomy":"post_tag","embeddable":true,"href":"https:\/\/www.europesays.com\/pt\/wp-json\/wp\/v2\/tags?post=124811"}],"curies":[{"name":"wp","href":"https:\/\/api.w.org\/{rel}","templated":true}]}}