{"id":124817,"date":"2025-10-24T16:48:09","date_gmt":"2025-10-24T16:48:09","guid":{"rendered":"https:\/\/www.europesays.com\/pt\/124817\/"},"modified":"2025-10-24T16:48:09","modified_gmt":"2025-10-24T16:48:09","slug":"mourinho-em-janeiro-o-benfica-vai-ter-um-ou-dois-jogadores-para-ajudar","status":"publish","type":"post","link":"https:\/\/www.europesays.com\/pt\/124817\/","title":{"rendered":"Mourinho: \u00abEm janeiro o Benfica vai ter um ou dois jogadores para ajudar\u00bb"},"content":{"rendered":"<p style=\"margin-bottom:11px\"><strong>Jos\u00e9 Mourinho procurou esclarecer esta sexta-feira as avalia\u00e7\u00f5es que fez sobre o plantel do Benfica quando estava ainda ao comando do Fenerbah\u00e7e e, sem nunca referir o nome de Kerem Akturkoglu, explica que o internacional turco teve um papel determinante na sua avalia\u00e7\u00e3o e acabou por ter influ\u00eancia no caminho que conduziu o treinador para a Luz.<\/strong><\/p>\n<p> A frustra\u00e7\u00e3o de n\u00e3o ter ficado com Akturkoglu <\/p>\n<p>\u00abEu gostava tanto do plantel do Benfica que lhes quis tirar um jogador important\u00edssimo. Fiz tudo para lhes tirar um jogador important\u00edssimo. Se calhar, um dos motivos por que sa\u00ed do Fenerbah\u00e7e t\u00e3o cedo teve a ver com a frustra\u00e7\u00e3o de n\u00e3o ter conseguido tirar ao Benfica um jogador que eu considerava fundamental na minha maneira de pensar o jogo. Foi com muita pena que, de maneira indireta, contribu\u00ed para que o plantel do Benfica fosse diferente. Culpa minha. Fiz tudo o que era poss\u00edvel para ter esse jogador comigo e afinal acabei por n\u00e3o o ter nem no Fenerbah\u00e7e, nem no Benfica.\u00bb<\/p>\n<p> Benfica precisa de um ou dois jogadores <\/p>\n<p>\u00ab\u00c9 verdade que gosto de muitas coisas do plantel do Benfica, \u00e9 verdade tamb\u00e9m que ao jogar contra o Benfica quis tirar a press\u00e3o do meu lado e por um pouquinho de mais press\u00e3o no Benfica, elevando do ponto de vista da hist\u00f3ria, da dimens\u00e3o, da familiaridade daquilo que s\u00e3o jogos da Champions, mas tamb\u00e9m \u00e9 verdade que eu acho e que todos achamos &#8211; quem trabalha comigo no Benfica, tamb\u00e9m acham os outros candidatos e acham os adeptos &#8211; que nos falta qualquer coisa. E essa qualquer coisa n\u00e3o s\u00e3o dez jogadores, nem quinze, nem cinco. Muitas vezes basta um jogador de determinado perfil, ou um jogador mais experiente ou um jogador que tem caracter\u00edsticas que os outros n\u00e3o t\u00eam. Muitas vezes, basta um ou dois jogadores para melhorarem uma equipa, para melhorarem toda uma din\u00e2mica. Acho que em janeiro o Benfica vai ter um ou dois jogadores que possam ajudar a nossa equipa.\u00bb<\/p>\n<p> Aposta na forma\u00e7\u00e3o <\/p>\n<p>\u00abQuando se falou de um banco muito jovem no qual o Barreiro era o av\u00f4\u2026se h\u00e1 algu\u00e9m que gosta de lan\u00e7ar jogadores jovens eu sou um deles. Se algu\u00e9m tem na sua hist\u00f3ria jogadores como Rafa Varane com 18 anos, McTominay com 18 anos, Peter Cech com 18 anos. Se h\u00e1 algu\u00e9m que tem uma hist\u00f3ria com jogadores assim, eu sou um daqueles que tem essa hist\u00f3ria e estou completamente de acordo que no nosso plantel tem este tipo de jogadores. Uns deles v\u00e3o conseguir chegar mais alto, outros nem tanto, mas estou totalmente de acordo com isso. Por isso estou otimista. Ao n\u00edvel interno, vamos estar ali o mais perto poss\u00edvel dos nossos rivais, eventualmente \u00e0 frente. E estou absolutamente convencido que quando fizermos os primeiros tr\u00eas pontos na Champions, espero que seja contra o Leverkusen e Ajax, que nos vamos meter na luta e vamos lutar at\u00e9 ao fim.\u00bb<\/p>\n","protected":false},"excerpt":{"rendered":"Jos\u00e9 Mourinho procurou esclarecer esta sexta-feira as avalia\u00e7\u00f5es que fez sobre o plantel do Benfica quando estava ainda&hellip;\n","protected":false},"author":2,"featured_media":124818,"comment_status":"","ping_status":"","sticky":false,"template":"","format":"standard","meta":{"footnotes":""},"categories":[87],"tags":[8610,51,135,1385,36,46,7864,32,33,47,134],"class_list":{"0":"post-124817","1":"post","2":"type-post","3":"status-publish","4":"format-standard","5":"has-post-thumbnail","7":"category-desporto","8":"tag-akturkoglu","9":"tag-benfica","10":"tag-desporto","11":"tag-jose-mourinho","12":"tag-liga","13":"tag-maisfutebol","14":"tag-mourinho","15":"tag-portugal","16":"tag-pt","17":"tag-pura-paixao","18":"tag-sports"},"share_on_mastodon":{"url":"https:\/\/pubeurope.com\/@pt\/115430169253614735","error":""},"_links":{"self":[{"href":"https:\/\/www.europesays.com\/pt\/wp-json\/wp\/v2\/posts\/124817","targetHints":{"allow":["GET"]}}],"collection":[{"href":"https:\/\/www.europesays.com\/pt\/wp-json\/wp\/v2\/posts"}],"about":[{"href":"https:\/\/www.europesays.com\/pt\/wp-json\/wp\/v2\/types\/post"}],"author":[{"embeddable":true,"href":"https:\/\/www.europesays.com\/pt\/wp-json\/wp\/v2\/users\/2"}],"replies":[{"embeddable":true,"href":"https:\/\/www.europesays.com\/pt\/wp-json\/wp\/v2\/comments?post=124817"}],"version-history":[{"count":0,"href":"https:\/\/www.europesays.com\/pt\/wp-json\/wp\/v2\/posts\/124817\/revisions"}],"wp:featuredmedia":[{"embeddable":true,"href":"https:\/\/www.europesays.com\/pt\/wp-json\/wp\/v2\/media\/124818"}],"wp:attachment":[{"href":"https:\/\/www.europesays.com\/pt\/wp-json\/wp\/v2\/media?parent=124817"}],"wp:term":[{"taxonomy":"category","embeddable":true,"href":"https:\/\/www.europesays.com\/pt\/wp-json\/wp\/v2\/categories?post=124817"},{"taxonomy":"post_tag","embeddable":true,"href":"https:\/\/www.europesays.com\/pt\/wp-json\/wp\/v2\/tags?post=124817"}],"curies":[{"name":"wp","href":"https:\/\/api.w.org\/{rel}","templated":true}]}}