{"id":124821,"date":"2025-10-24T16:52:12","date_gmt":"2025-10-24T16:52:12","guid":{"rendered":"https:\/\/www.europesays.com\/pt\/124821\/"},"modified":"2025-10-24T16:52:12","modified_gmt":"2025-10-24T16:52:12","slug":"coindu-avanca-com-segundo-despedimento-coletivo-este-ano","status":"publish","type":"post","link":"https:\/\/www.europesays.com\/pt\/124821\/","title":{"rendered":"Coindu avan\u00e7a com segundo despedimento coletivo este ano"},"content":{"rendered":"<p data-remotead-prev-elm=\"true\" data-remotead-elm-id=\"inread\">&#8220;Ap\u00f3s uma an\u00e1lise aprofundada da situa\u00e7\u00e3o econ\u00f3mica e operacional da empresa, ter\u00e1 de proceder a uma reestrutura\u00e7\u00e3o do seu quadro de colaboradores, devido ao decl\u00ednio acentuado e prolongado das encomendas no setor autom\u00f3vel, que tem impactado a sua atividade nos \u00faltimos anos&#8221;, informou, em comunicado, a empresa sediada em Joane, Vila Nova de Famalic\u00e3o (distrito de Braga).<\/p>\n<p>Em maio, a Coindu avan\u00e7ou com o despedimento coletivo de 123 trabalhadores e colocou outros 237 em &#8220;lay-off&#8221; e, em finais de 2024, fechou a f\u00e1brica que tinha em Arcos de Valdevez, deixando sem emprego 350 trabalhadores.<\/p>\n<blockquote data-type=\"articles\" data-id=\"related-article-17757743\"><p>\n              <strong>Leia tamb\u00e9m <\/strong><br \/>\n              <a href=\"https:\/\/www.jn.pt\/pais\/artigo\/coindu-avanca-para-despedimento-de-123-trabalhadores\/17757743\" rel=\"nofollow noopener\" target=\"_blank\">Coindu avan\u00e7a para despedimento de 123 trabalhadores<\/a>\n            <\/p><\/blockquote>\n<p data-remotead-prev-elm=\"true\" data-remotead-elm-id=\"centro1\">A empresa, que conta atualmente com 1050 trabalhadores, real\u00e7ou que fez &#8220;todos os esfor\u00e7os para evitar esta medida&#8221;, mas este despedimento vai permitir &#8220;alinhar a sua capacidade de produ\u00e7\u00e3o com a carteira de encomendas existente, garantindo a fiabilidade do fornecimento para todos os contratos em vigor&#8221;.<\/p>\n<p>Este reajustamento da capacidade de produ\u00e7\u00e3o, vincou, \u00e9 &#8220;necess\u00e1rio&#8221; para &#8220;garantir a viabilidade da empresa a longo prazo&#8221;, &#8220;num contexto de grande incerteza e num setor autom\u00f3vel europeu que enfrenta uma fase muito complexa&#8221;.<\/p>\n<p>A Coindu sublinhou ainda que o despedimento coletivo &#8220;\u00e9 a solu\u00e7\u00e3o juridicamente adequada para assegurar um processo transparente e de acordo com a lei, protegendo os direitos dos colaboradores abrangidos&#8221;.<\/p>\n<p data-remotead-prev-elm=\"true\" data-remotead-elm-id=\"centro2\">Em 2022, entre Arcos de Valdevez e Vila Nova de Famalic\u00e3o, a Coindu empregava 2.100 trabalhadores.<\/p>\n<p>Segundo disse em maio \u00e0 Lusa Francisco Vieira, do Sindicato T\u00eaxtil do Minho e Tr\u00e1s-os-Montes, a empresa pretende este ano ter uma disponibilidade de entre 800 e 825 trabalhadores e, em 2026, esses n\u00fameros dever\u00e3o subir para 950 a 1.050 trabalhadores.<\/p>\n","protected":false},"excerpt":{"rendered":"&#8220;Ap\u00f3s uma an\u00e1lise aprofundada da situa\u00e7\u00e3o econ\u00f3mica e operacional da empresa, ter\u00e1 de proceder a uma reestrutura\u00e7\u00e3o do&hellip;\n","protected":false},"author":2,"featured_media":124822,"comment_status":"","ping_status":"","sticky":false,"template":"","format":"standard","meta":{"footnotes":""},"categories":[83],"tags":[88,28740,20444,26209,89,90,32,33],"class_list":{"0":"post-124821","1":"post","2":"type-post","3":"status-publish","4":"format-standard","5":"has-post-thumbnail","7":"category-empresas","8":"tag-business","9":"tag-coindu","10":"tag-concelho-vila-nova-de-famalicao","11":"tag-despedimento-coletivo","12":"tag-economy","13":"tag-empresas","14":"tag-portugal","15":"tag-pt"},"share_on_mastodon":{"url":"https:\/\/pubeurope.com\/@pt\/115430185126759199","error":""},"_links":{"self":[{"href":"https:\/\/www.europesays.com\/pt\/wp-json\/wp\/v2\/posts\/124821","targetHints":{"allow":["GET"]}}],"collection":[{"href":"https:\/\/www.europesays.com\/pt\/wp-json\/wp\/v2\/posts"}],"about":[{"href":"https:\/\/www.europesays.com\/pt\/wp-json\/wp\/v2\/types\/post"}],"author":[{"embeddable":true,"href":"https:\/\/www.europesays.com\/pt\/wp-json\/wp\/v2\/users\/2"}],"replies":[{"embeddable":true,"href":"https:\/\/www.europesays.com\/pt\/wp-json\/wp\/v2\/comments?post=124821"}],"version-history":[{"count":0,"href":"https:\/\/www.europesays.com\/pt\/wp-json\/wp\/v2\/posts\/124821\/revisions"}],"wp:featuredmedia":[{"embeddable":true,"href":"https:\/\/www.europesays.com\/pt\/wp-json\/wp\/v2\/media\/124822"}],"wp:attachment":[{"href":"https:\/\/www.europesays.com\/pt\/wp-json\/wp\/v2\/media?parent=124821"}],"wp:term":[{"taxonomy":"category","embeddable":true,"href":"https:\/\/www.europesays.com\/pt\/wp-json\/wp\/v2\/categories?post=124821"},{"taxonomy":"post_tag","embeddable":true,"href":"https:\/\/www.europesays.com\/pt\/wp-json\/wp\/v2\/tags?post=124821"}],"curies":[{"name":"wp","href":"https:\/\/api.w.org\/{rel}","templated":true}]}}