{"id":124823,"date":"2025-10-24T16:53:08","date_gmt":"2025-10-24T16:53:08","guid":{"rendered":"https:\/\/www.europesays.com\/pt\/124823\/"},"modified":"2025-10-24T16:53:08","modified_gmt":"2025-10-24T16:53:08","slug":"milhoes-de-caranguejos-vermelhos-cobrem-ilha-australiana-australia","status":"publish","type":"post","link":"https:\/\/www.europesays.com\/pt\/124823\/","title":{"rendered":"Milh\u00f5es de caranguejos-vermelhos cobrem ilha australiana | Austr\u00e1lia"},"content":{"rendered":"<p>Os caranguejos-vermelhos j\u00e1 come\u00e7aram a deixar as suas tocas, na Ilha do Natal, na Austr\u00e1lia, e partiram em direc\u00e7\u00e3o ao oceano \u00cdndico, para acasalar e desovar, formando correntes vermelhas que se estendem por toda a ilha.<\/p>\n<p>Para proteger os <a href=\"https:\/\/www.publico.pt\/2025\/01\/05\/azul\/noticia\/estuario-invadido-caranguejosverdes-lontras-marinhas-podem-solucao-2116905\" rel=\"nofollow noopener\" target=\"_blank\">crust\u00e1ceos<\/a>, algumas estradas foram temporariamente fechadas e pontes especiais foram constru\u00eddas. Tudo para que os animais possam atravessar obst\u00e1culos com seguran\u00e7a. As r\u00e1dios locais mant\u00eam os moradores e turistas informados, fornecendo actualiza\u00e7\u00f5es sobre os movimentos da esp\u00e9cie.<\/p>\n<p>De acordo com a<a href=\"https:\/\/christmasislandnationalpark.gov.au\/discover\/highlights\/red-crab-migration\/\" target=\"_blank\" rel=\"nofollow noopener\"> Parks Australia<\/a>, ag\u00eancia respons\u00e1vel pela gest\u00e3o dos parques nacionais e \u00e1reas protegidas do pa\u00eds, a migra\u00e7\u00e3o culminar\u00e1 numa grande desova em meados de Novembro, seguida de uma segunda desova, em Dezembro. Os filhotes geralmente voltam a dar \u00e0 costa tr\u00eas a quatro semanas ap\u00f3s a desova, mas \u00e9 poss\u00edvel que voltem mais at\u00e9 Fevereiro, dependendo das condi\u00e7\u00f5es do mar.<\/p>\n<p data-end=\"1669\" data-start=\"1292\">A gerente do Parque Nacional da Ilha do Natal, Alexia Jankowski, disse \u00e0 <a href=\"https:\/\/apnews.com\/article\/christmas-island-red-crab-migration-c8b9fbca06fbb269b26ac57e50153b3a\" target=\"_blank\" rel=\"nofollow noopener\">Associated Press<\/a> que h\u00e1 at\u00e9 200 milh\u00f5es de caranguejos end\u00e9micos, conhecidos como Gecarcoidea natalis, na pequena ilha australiana localizada 380 quil\u00f3metros a sul de Java, na Indon\u00e9sia. \u201cEnt\u00e3o, se deixar a porta da frente aberta, vai chegar a casa e encontrar um monte de caranguejos-vermelhos na sua sala de estar\u201d, avisou.<\/p>\n<p data-end=\"2132\" data-start=\"1774\">Para os turistas, o espect\u00e1culo \u00e9 imperd\u00edvel. O presidente da associa\u00e7\u00e3o de turismo da Ilha do Natal, David Watchorn, afirmou, <a href=\"https:\/\/www.abc.net.au\/news\/2025-10-22\/red-crab-migration-begins-on-christmas-island\/105916362\" target=\"_blank\" rel=\"nofollow noopener\">segundo a ABC Australia<\/a>, que, embora os caranguejos possam ser vistos durante todo o ano, esta migra\u00e7\u00e3o anual atrai centenas de visitantes extras para a ilha. \u201c\u00c9 uma das experi\u00eancias de vida selvagem mais incr\u00edveis que se pode ver no planeta\u201d, acrescentou.<\/p>\n<p>        &#13;<br \/>\n            &#13;<\/p>\n","protected":false},"excerpt":{"rendered":"Os caranguejos-vermelhos j\u00e1 come\u00e7aram a deixar as suas tocas, na Ilha do Natal, na Austr\u00e1lia, e partiram em&hellip;\n","protected":false},"author":2,"featured_media":124824,"comment_status":"","ping_status":"","sticky":false,"template":"","format":"standard","meta":{"footnotes":""},"categories":[50],"tags":[964,1353,2337,785,2780,27,28,15,16,14,25,26,21,22,62,12,13,19,20,23,24,17,18,29,30,31,63,64,65],"class_list":{"0":"post-124823","1":"post","2":"type-post","3":"status-publish","4":"format-standard","5":"has-post-thumbnail","7":"category-mundo","8":"tag-ambiente","9":"tag-animais","10":"tag-australia","11":"tag-azul","12":"tag-biodiversidade","13":"tag-breaking-news","14":"tag-breakingnews","15":"tag-featured-news","16":"tag-featurednews","17":"tag-headlines","18":"tag-latest-news","19":"tag-latestnews","20":"tag-main-news","21":"tag-mainnews","22":"tag-mundo","23":"tag-news","24":"tag-noticias","25":"tag-noticias-principais","26":"tag-noticiasprincipais","27":"tag-principais-noticias","28":"tag-principaisnoticias","29":"tag-top-stories","30":"tag-topstories","31":"tag-ultimas","32":"tag-ultimas-noticias","33":"tag-ultimasnoticias","34":"tag-world","35":"tag-world-news","36":"tag-worldnews"},"share_on_mastodon":{"url":"https:\/\/pubeurope.com\/@pt\/115430188858917656","error":""},"_links":{"self":[{"href":"https:\/\/www.europesays.com\/pt\/wp-json\/wp\/v2\/posts\/124823","targetHints":{"allow":["GET"]}}],"collection":[{"href":"https:\/\/www.europesays.com\/pt\/wp-json\/wp\/v2\/posts"}],"about":[{"href":"https:\/\/www.europesays.com\/pt\/wp-json\/wp\/v2\/types\/post"}],"author":[{"embeddable":true,"href":"https:\/\/www.europesays.com\/pt\/wp-json\/wp\/v2\/users\/2"}],"replies":[{"embeddable":true,"href":"https:\/\/www.europesays.com\/pt\/wp-json\/wp\/v2\/comments?post=124823"}],"version-history":[{"count":0,"href":"https:\/\/www.europesays.com\/pt\/wp-json\/wp\/v2\/posts\/124823\/revisions"}],"wp:featuredmedia":[{"embeddable":true,"href":"https:\/\/www.europesays.com\/pt\/wp-json\/wp\/v2\/media\/124824"}],"wp:attachment":[{"href":"https:\/\/www.europesays.com\/pt\/wp-json\/wp\/v2\/media?parent=124823"}],"wp:term":[{"taxonomy":"category","embeddable":true,"href":"https:\/\/www.europesays.com\/pt\/wp-json\/wp\/v2\/categories?post=124823"},{"taxonomy":"post_tag","embeddable":true,"href":"https:\/\/www.europesays.com\/pt\/wp-json\/wp\/v2\/tags?post=124823"}],"curies":[{"name":"wp","href":"https:\/\/api.w.org\/{rel}","templated":true}]}}