{"id":124827,"date":"2025-10-24T16:59:09","date_gmt":"2025-10-24T16:59:09","guid":{"rendered":"https:\/\/www.europesays.com\/pt\/124827\/"},"modified":"2025-10-24T16:59:09","modified_gmt":"2025-10-24T16:59:09","slug":"fogo-liliana-vai-com-tudo-e-discute-com-ana-cristina-e-ines-secret-story","status":"publish","type":"post","link":"https:\/\/www.europesays.com\/pt\/124827\/","title":{"rendered":"Fogo: Liliana vai com tudo e discute com Ana Cristina e In\u00eas &#8211; Secret Story"},"content":{"rendered":"<p>No Secret Story 9, a confus\u00e3o instala-se e Liliana discute com Ana Cristina e In\u00eas.<\/p>\n<p><strong>Esta semana cinco concorrentes est\u00e3o em risco de abandonar a casa mais vigiada do Pa\u00eds. Vote para salvar o seu concorrente favorito:<\/strong><\/p>\n<p><strong>BRUNO \u2013 761 20 20 04<br \/>IN\u00caS \u2013 761 20 20 10<br \/>LILIANA \u2013 761 20 20 14<br \/>MARIANA \u2013 761 20 20 15<br \/>RUI \u2013 761 20 20 19<\/strong><\/p>\n<p><a href=\"https:\/\/tvi.iol.pt\/secretstory\/aominuto\" wbo-id=\"32\" rel=\"nofollow noopener\" target=\"_blank\">Acompanhe, ao minuto, tudo o que acontece na casa mais vigiada do Pa\u00eds<\/a><\/p>\n","protected":false},"excerpt":{"rendered":"No Secret Story 9, a confus\u00e3o instala-se e Liliana discute com Ana Cristina e In\u00eas. Esta semana cinco&hellip;\n","protected":false},"author":2,"featured_media":124828,"comment_status":"","ping_status":"","sticky":false,"template":"","format":"standard","meta":{"footnotes":""},"categories":[142],"tags":[19725,114,115,19033,15353,19016,19034,32,33,151,19032],"class_list":{"0":"post-124827","1":"post","2":"type-post","3":"status-publish","4":"format-standard","5":"has-post-thumbnail","7":"category-tv","8":"tag-ana-cristina","9":"tag-entertainment","10":"tag-entretenimento","11":"tag-galas-em-video","12":"tag-ines","13":"tag-liliana","14":"tag-melhores-momentos-casa-dos-segredos","15":"tag-portugal","16":"tag-pt","17":"tag-tv","18":"tag-videos-secret-story-tvi"},"share_on_mastodon":{"url":"https:\/\/pubeurope.com\/@pt\/115430212594023706","error":""},"_links":{"self":[{"href":"https:\/\/www.europesays.com\/pt\/wp-json\/wp\/v2\/posts\/124827","targetHints":{"allow":["GET"]}}],"collection":[{"href":"https:\/\/www.europesays.com\/pt\/wp-json\/wp\/v2\/posts"}],"about":[{"href":"https:\/\/www.europesays.com\/pt\/wp-json\/wp\/v2\/types\/post"}],"author":[{"embeddable":true,"href":"https:\/\/www.europesays.com\/pt\/wp-json\/wp\/v2\/users\/2"}],"replies":[{"embeddable":true,"href":"https:\/\/www.europesays.com\/pt\/wp-json\/wp\/v2\/comments?post=124827"}],"version-history":[{"count":0,"href":"https:\/\/www.europesays.com\/pt\/wp-json\/wp\/v2\/posts\/124827\/revisions"}],"wp:featuredmedia":[{"embeddable":true,"href":"https:\/\/www.europesays.com\/pt\/wp-json\/wp\/v2\/media\/124828"}],"wp:attachment":[{"href":"https:\/\/www.europesays.com\/pt\/wp-json\/wp\/v2\/media?parent=124827"}],"wp:term":[{"taxonomy":"category","embeddable":true,"href":"https:\/\/www.europesays.com\/pt\/wp-json\/wp\/v2\/categories?post=124827"},{"taxonomy":"post_tag","embeddable":true,"href":"https:\/\/www.europesays.com\/pt\/wp-json\/wp\/v2\/tags?post=124827"}],"curies":[{"name":"wp","href":"https:\/\/api.w.org\/{rel}","templated":true}]}}