{"id":124831,"date":"2025-10-24T17:01:23","date_gmt":"2025-10-24T17:01:23","guid":{"rendered":"https:\/\/www.europesays.com\/pt\/124831\/"},"modified":"2025-10-24T17:01:23","modified_gmt":"2025-10-24T17:01:23","slug":"atriz-de-o-urso-pode-viver-policial-famosa-da-marvel-em-homem-aranha","status":"publish","type":"post","link":"https:\/\/www.europesays.com\/pt\/124831\/","title":{"rendered":"Atriz de O Urso pode viver policial famosa da Marvel em Homem-Aranha"},"content":{"rendered":"<p>Os f\u00e3s do <a href=\"https:\/\/tangerina.uol.com.br\/filmes-series\/ordem-cronologica-marvel\/\" target=\"_blank\" rel=\"noreferrer noopener nofollow\">MCU (Universo Cinematogr\u00e1fico da Marvel)<\/a> ganharam um novo mist\u00e9rio para decifrar: quem a atriz Liza Col\u00f3n-Zayas, de <a href=\"https:\/\/tangerina.uol.com.br\/filmes-series\/o-urso-terceira-temporada-critica\/\" target=\"_blank\" rel=\"noreferrer noopener nofollow\">O Urso<\/a>, vai interpretar em <strong>Homem-Aranha: Um Novo Dia<\/strong>? Fotos recentes do set em Nova York colocaram ainda mais lenha na fogueira \u2014 e tudo indica que a artista deve viver uma personagem cl\u00e1ssica e tr\u00e1gica dos quadrinhos.<\/p>\n<p>As imagens mostram Liza em cena com Tom Holland, usando um sobretudo marrom em meio a um cen\u00e1rio de investiga\u00e7\u00e3o policial. O detalhe fez soar o alarme entre os f\u00e3s: o figurino e o contexto combinam perfeitamente com Jean DeWolff, uma das aliadas mais marcantes do Homem-Aranha nos quadrinhos e uma das primeiras figuras da pol\u00edcia de Nova York a confiar no her\u00f3i mascarado.<\/p>\n<p>Criada em 1976, Jean DeWolff era uma detetive linha-dura que via em Peter Parker um parceiro de justi\u00e7a \u2014 algo raro em meio \u00e0 persegui\u00e7\u00e3o do Clarim Di\u00e1rio e de J. Jonah Jameson. A personagem acabou ganhando destaque na HQ A Morte de Jean DeWolff, um arco sombrio em que ela \u00e9 assassinada por um ex-colega da pol\u00edcia, o vil\u00e3o Sin-Eater. A hist\u00f3ria se tornou um marco por mostrar o lado mais humano e vulner\u00e1vel do her\u00f3i.<\/p>\n<p><img alt=\"Tom Holland nos bastidores de Homem-Aranha: Um Novo Dia, filme da Marvel com a Sony\" src=\"data:image\/gif;base64,R0lGODlhAQABAIAAAAAAAP\/\/\/yH5BAEAAAAALAAAAAABAAEAAAIBRAA7\" decoding=\"async\" style=\"position:absolute;top:0;left:0;bottom:0;right:0;box-sizing:border-box;padding:0;border:none;margin:auto;display:block;width:0;height:0;min-width:100%;max-width:100%;min-height:100%;max-height:100%\"\/><\/p>\n<p font-weight=\"500\" font-size=\"14px\" class=\"style__Typo-sc-1e1gvva-0 ezCJRb\">Tom Holland nos bastidores de Homem-Aranha: Um Novo Dia<\/p>\n<p font-weight=\"300\" font-size=\"14px\" class=\"style__Typo-sc-1e1gvva-0 fvAQOT\">(Foto: Divulga\u00e7\u00e3o\/Sony Pictures)<\/p>\n<p>Homem-Aranha 4 deve ser sombrio<\/p>\n<p>Se o rumor se confirmar, Homem-Aranha: Um Novo Dia pode ser o primeiro passo do MCU em dire\u00e7\u00e3o a uma fase mais sombria e urbana para o personagem de Holland. O filme j\u00e1 conta com a presen\u00e7a de Jon Bernthal como o Justiceiro, Mark Ruffalo como Hulk e o retorno de Michael Mando como Mac Gargan, o futuro Escorpi\u00e3o. Tudo aponta para uma trama mergulhada no submundo criminoso de Nova York.<\/p>\n<p>Al\u00e9m de Liza Col\u00f3n-Zayas, o elenco ainda traz Zendaya, Jacob Batalon e Sadie Sink, de Stranger Things, que tamb\u00e9m vive sob mist\u00e9rio \u2014 rumores sugerem que ela pode interpretar Gwen Stacy ou Rachel Cole, uma aliada do Justiceiro. O roteiro \u00e9 assinado por Chris McKenna e Erik Sommers, com Destin Daniel Cretton (de Shang-Chi) na dire\u00e7\u00e3o.<\/p>\n<p>Jean DeWolff seria uma escolha perfeita para a atriz de O Urso, conhecida por interpretar personagens duras, determinadas e com um senso de dever inabal\u00e1vel. Assim como sua Tina Marrero na s\u00e9rie vencedora do Emmy, a policial dos quadrinhos traz um equil\u00edbrio entre firmeza e empatia \u2014 exatamente o tipo de presen\u00e7a que falta ao novo Peter Parker p\u00f3s-<a href=\"https:\/\/www.netflix.com\/watch\/81465707?source=35\" target=\"_blank\" rel=\"noreferrer noopener nofollow\">Sem Volta Para Casa<\/a>.<\/p>\n<p>Com estreia marcada para 30 de julho de 2026, Homem-Aranha: Um Novo Dia promete redefinir o her\u00f3i no MCU. E, se a teoria estiver certa, Liza Col\u00f3n-Zayas pode ser o novo rosto da justi\u00e7a em meio ao caos de Nova York \u2014 e talvez o elo que conecta o Homem-Aranha ao lado mais real e perigoso do universo Marvel.<\/p>\n","protected":false},"excerpt":{"rendered":"Os f\u00e3s do MCU (Universo Cinematogr\u00e1fico da Marvel) ganharam um novo mist\u00e9rio para decifrar: quem a atriz Liza&hellip;\n","protected":false},"author":2,"featured_media":124832,"comment_status":"","ping_status":"","sticky":false,"template":"","format":"standard","meta":{"footnotes":""},"categories":[140],"tags":[114,115,147,148,5814,792,146,32,33],"class_list":{"0":"post-124831","1":"post","2":"type-post","3":"status-publish","4":"format-standard","5":"has-post-thumbnail","7":"category-filmes","8":"tag-entertainment","9":"tag-entretenimento","10":"tag-film","11":"tag-filmes","12":"tag-homem-aranha","13":"tag-marvel","14":"tag-movies","15":"tag-portugal","16":"tag-pt"},"share_on_mastodon":{"url":"https:\/\/pubeurope.com\/@pt\/115430220364905719","error":""},"_links":{"self":[{"href":"https:\/\/www.europesays.com\/pt\/wp-json\/wp\/v2\/posts\/124831","targetHints":{"allow":["GET"]}}],"collection":[{"href":"https:\/\/www.europesays.com\/pt\/wp-json\/wp\/v2\/posts"}],"about":[{"href":"https:\/\/www.europesays.com\/pt\/wp-json\/wp\/v2\/types\/post"}],"author":[{"embeddable":true,"href":"https:\/\/www.europesays.com\/pt\/wp-json\/wp\/v2\/users\/2"}],"replies":[{"embeddable":true,"href":"https:\/\/www.europesays.com\/pt\/wp-json\/wp\/v2\/comments?post=124831"}],"version-history":[{"count":0,"href":"https:\/\/www.europesays.com\/pt\/wp-json\/wp\/v2\/posts\/124831\/revisions"}],"wp:featuredmedia":[{"embeddable":true,"href":"https:\/\/www.europesays.com\/pt\/wp-json\/wp\/v2\/media\/124832"}],"wp:attachment":[{"href":"https:\/\/www.europesays.com\/pt\/wp-json\/wp\/v2\/media?parent=124831"}],"wp:term":[{"taxonomy":"category","embeddable":true,"href":"https:\/\/www.europesays.com\/pt\/wp-json\/wp\/v2\/categories?post=124831"},{"taxonomy":"post_tag","embeddable":true,"href":"https:\/\/www.europesays.com\/pt\/wp-json\/wp\/v2\/tags?post=124831"}],"curies":[{"name":"wp","href":"https:\/\/api.w.org\/{rel}","templated":true}]}}